{"id":152926,"date":"2021-02-01T06:50:00","date_gmt":"2021-02-01T10:50:00","guid":{"rendered":"https:\/\/dr1.com\/wordpress\/?p=152926"},"modified":"2021-02-01T09:41:30","modified_gmt":"2021-02-01T13:41:30","slug":"national-youth-awards-winners-announced","status":"publish","type":"post","link":"https:\/\/dr1.com\/news\/2021\/02\/01\/national-youth-awards-winners-announced\/","title":{"rendered":"National Youth Awards winners announced"},"content":{"rendered":"\n<div class=\"wp-block-image\"><figure class=\"aligncenter size-large\"><img loading=\"lazy\" width=\"600\" height=\"338\" src=\"https:\/\/dr1.com\/wordpress\/wp-content\/uploads\/2021\/02\/Premio-Nacional-de-la-Juventud-Precision-e1612186834286.jpg\" alt=\"\" class=\"wp-image-152955\"\/><\/figure><\/div>\n\n\n\n<p>President Luis Abinader and Vice President Raquel Pe\u00f1a received the 2020 National Youth Award winners at the Presidential Palace on Sunday, 31 January 2021, National Youth Day. In delivering the award, President Abinader said it recognizes outstanding efforts of young people in health care during the year of the pandemic. It also is a tribute to outstanding social services and the defense of human rights. Contributions to Dominican culture, sports, politics, business and religious leadership and the environment are honored.<\/p>\n\n\n\n<p>&#8220;As we can see, the purpose of this award, in addition to recognizing these young Dominicans, is to give recognition to the exemplary work developed by the hard-working personnel that sustains the national health sector,&#8221; said President Abinader when delivering the awards to 14 young people.<\/p>\n\n\n\n<p>The winners were:<br>Contribution to Human Rights: Yanet Reynoso Sports: Bernardo Pie<br>Cultural Development: \u00c1lvaro Luis<br>Business Development: V\u00edctor Rojas<br>Political Leadership: Indira Morillo<br>Religious Leadership: Willian Encarnaci\u00f3n,<br>Preservation and Promotion of Natural Resources: Ebell Cuevas<br>Voluntary Social Services: An\u00edbal GermosoSpecial mentions were won by Tracy Emanuel, for Pulmonary Pathology Assistance; Carlos Chalas, for Nursing Care Assistance and Management; Nicole F\u00e9liz, for Clinical Attention\/Diagnosis; Rinaldy Capell\u00e1n, for Epidemiological Control and Rosa B\u00e1ez, for Effort in Bioanalytical Detection.<\/p>\n\n\n\n<p>Joel Ventura received special recognition in consideration of his story of personal improvement. This young man worked at the Rafey landfill, Santiago de los Caballeros, where he was rescued and enrolled at the Cometas de Esperanza Educational Center. He later enrolled at the university and graduated with a degree in Education, with Summa Cum Laude honors.<\/p>\n\n\n\n<p>The winners received a RD$100,000 cash award and a laptop. The special mentions received RD$100,000 in cash.<\/p>\n\n\n\n<p>Read more in Spanish:<br><a href=\"https:\/\/presidencia.gob.do\/noticias\/presidente-luis-abinader-encabeza-xxv-entrega-del-premio-nacional-de-la-juventud\">Presidency <\/a><br><a href=\"https:\/\/hoy.com.do\/dia-nacional-de-la-juventud-sabes-por-que-se-celebra-hoy\/\">Hoy <\/a><\/p>\n\n\n\n<p>31 January 2021<\/p>\n","protected":false},"excerpt":{"rendered":"<p>President Luis Abinader and Vice President Raquel Pe\u00f1a received the 2020 National Youth Award winners at the Presidential Palace on Sunday, 31 January 2021, National Youth Day. In delivering the award, President Abinader said it recognizes outstanding efforts of young people in health care during the year of the pandemic. It also is a tribute &hellip; <\/p>\n<p class=\"link-more\"><a href=\"https:\/\/dr1.com\/news\/2021\/02\/01\/national-youth-awards-winners-announced\/\" class=\"more-link\">Read more\u2026<\/a><\/p>\n","protected":false},"author":2,"featured_media":0,"comment_status":"closed","ping_status":"closed","sticky":false,"template":"","format":"standard","meta":[],"categories":[290,3],"tags":[],"_links":{"self":[{"href":"https:\/\/dr1.com\/news\/wp-json\/wp\/v2\/posts\/152926"}],"collection":[{"href":"https:\/\/dr1.com\/news\/wp-json\/wp\/v2\/posts"}],"about":[{"href":"https:\/\/dr1.com\/news\/wp-json\/wp\/v2\/types\/post"}],"author":[{"embeddable":true,"href":"https:\/\/dr1.com\/news\/wp-json\/wp\/v2\/users\/2"}],"replies":[{"embeddable":true,"href":"https:\/\/dr1.com\/news\/wp-json\/wp\/v2\/comments?post=152926"}],"version-history":[{"count":2,"href":"https:\/\/dr1.com\/news\/wp-json\/wp\/v2\/posts\/152926\/revisions"}],"predecessor-version":[{"id":152956,"href":"https:\/\/dr1.com\/news\/wp-json\/wp\/v2\/posts\/152926\/revisions\/152956"}],"wp:attachment":[{"href":"https:\/\/dr1.com\/news\/wp-json\/wp\/v2\/media?parent=152926"}],"wp:term":[{"taxonomy":"category","embeddable":true,"href":"https:\/\/dr1.com\/news\/wp-json\/wp\/v2\/categories?post=152926"},{"taxonomy":"post_tag","embeddable":true,"href":"https:\/\/dr1.com\/news\/wp-json\/wp\/v2\/tags?post=152926"}],"curies":[{"name":"wp","href":"https:\/\/api.w.org\/{rel}","templated":true}]}}