{"id":153601,"date":"2021-02-15T06:15:45","date_gmt":"2021-02-15T10:15:45","guid":{"rendered":"https:\/\/dr1.com\/wordpress\/?p=153601"},"modified":"2021-02-15T10:41:57","modified_gmt":"2021-02-15T14:41:57","slug":"update-from-the-attorney-general-office-14-february-2021","status":"publish","type":"post","link":"https:\/\/dr1.com\/news\/2021\/02\/15\/update-from-the-attorney-general-office-14-february-2021\/","title":{"rendered":"Update from the Attorney General Office \u2013 14 February 2021"},"content":{"rendered":"\n<div class=\"wp-block-image\"><figure class=\"aligncenter size-large\"><img loading=\"lazy\" width=\"546\" height=\"350\" src=\"https:\/\/dr1.com\/wordpress\/wp-content\/uploads\/2021\/02\/Miriam-German-San-P-Macoris-Diario-Libre.jpg\" alt=\"\" class=\"wp-image-153658\" srcset=\"https:\/\/dr1.com\/news\/wp-content\/uploads\/2021\/02\/Miriam-German-San-P-Macoris-Diario-Libre.jpg 546w, https:\/\/dr1.com\/news\/wp-content\/uploads\/2021\/02\/Miriam-German-San-P-Macoris-Diario-Libre-300x192.jpg 300w\" sizes=\"(max-width: 546px) 100vw, 546px\" \/><\/figure><\/div>\n\n\n\n<p>Attorney General Miriam Germ\u00e1n was in San Pedro de Macor\u00eds where she announced the cancellation of prosecutor Roberto Encarnaci\u00f3n, who was under investigation for ordering the release of two men accused of gender violence when he was on medical leave of absence. Ramona Nova was named to replace Encarnaci\u00f3n.<\/p>\n\n\n\n<p>It was reported the chief prosecutor also traveled to San Pedro de Macoris to look into allegations of irregular actions by the San Pedro prosecutor, Idalia Jimenez, regarding the general public, employees, journalists and lawyers in that district.<\/p>\n\n\n\n<p>The Attorney General Office announces it is investigating the irregularities reported in Diario Libre regarding the contract recently awarded to a company owned by baseball player Robinson Can\u00f3 to collect garbage in San Pedro de Macor\u00eds.<\/p>\n\n\n\n<p>Read more in Spanish:<br><a href=\"https:\/\/hoy.com.do\/empresa-robinson-cano-presentara-documentos-de-legalidad\/\">Hoy <\/a><br><a href=\"https:\/\/www.diariolibre.com\/actualidad\/ciudad\/miriam-german-viaja-a-san-pedro-y-sustituye-al-procurador-de-corte-acusado-de-irregularidades-GC24375245\">Diario Libre <\/a><\/p>\n\n\n\n<p>14 February 2021<\/p>\n","protected":false},"excerpt":{"rendered":"<p>Attorney General Miriam Germ\u00e1n was in San Pedro de Macor\u00eds where she announced the cancellation of prosecutor Roberto Encarnaci\u00f3n, who was under investigation for ordering the release of two men accused of gender violence when he was on medical leave of absence. Ramona Nova was named to replace Encarnaci\u00f3n. It was reported the chief prosecutor &hellip; <\/p>\n<p class=\"link-more\"><a href=\"https:\/\/dr1.com\/news\/2021\/02\/15\/update-from-the-attorney-general-office-14-february-2021\/\" class=\"more-link\">Read more\u2026<\/a><\/p>\n","protected":false},"author":2,"featured_media":0,"comment_status":"closed","ping_status":"closed","sticky":false,"template":"","format":"standard","meta":[],"categories":[290,3],"tags":[],"_links":{"self":[{"href":"https:\/\/dr1.com\/news\/wp-json\/wp\/v2\/posts\/153601"}],"collection":[{"href":"https:\/\/dr1.com\/news\/wp-json\/wp\/v2\/posts"}],"about":[{"href":"https:\/\/dr1.com\/news\/wp-json\/wp\/v2\/types\/post"}],"author":[{"embeddable":true,"href":"https:\/\/dr1.com\/news\/wp-json\/wp\/v2\/users\/2"}],"replies":[{"embeddable":true,"href":"https:\/\/dr1.com\/news\/wp-json\/wp\/v2\/comments?post=153601"}],"version-history":[{"count":5,"href":"https:\/\/dr1.com\/news\/wp-json\/wp\/v2\/posts\/153601\/revisions"}],"predecessor-version":[{"id":153659,"href":"https:\/\/dr1.com\/news\/wp-json\/wp\/v2\/posts\/153601\/revisions\/153659"}],"wp:attachment":[{"href":"https:\/\/dr1.com\/news\/wp-json\/wp\/v2\/media?parent=153601"}],"wp:term":[{"taxonomy":"category","embeddable":true,"href":"https:\/\/dr1.com\/news\/wp-json\/wp\/v2\/categories?post=153601"},{"taxonomy":"post_tag","embeddable":true,"href":"https:\/\/dr1.com\/news\/wp-json\/wp\/v2\/tags?post=153601"}],"curies":[{"name":"wp","href":"https:\/\/api.w.org\/{rel}","templated":true}]}}