{"id":156543,"date":"2021-04-19T04:51:04","date_gmt":"2021-04-19T08:51:04","guid":{"rendered":"https:\/\/dr1.com\/wordpress\/?p=156543"},"modified":"2021-04-19T08:24:07","modified_gmt":"2021-04-19T12:24:07","slug":"president-luis-abinader-in-spain","status":"publish","type":"post","link":"https:\/\/dr1.com\/news\/2021\/04\/19\/president-luis-abinader-in-spain\/","title":{"rendered":"President Luis Abinader in Spain"},"content":{"rendered":"\n<div class=\"wp-block-image\"><figure class=\"aligncenter size-large\"><img loading=\"lazy\" width=\"1024\" height=\"683\" src=\"https:\/\/dr1.com\/wordpress\/wp-content\/uploads\/2021\/04\/Luis-Abinader-visita-Espana-Presidencia-1024x683.jpg\" alt=\"\" class=\"wp-image-156564\" srcset=\"https:\/\/dr1.com\/news\/wp-content\/uploads\/2021\/04\/Luis-Abinader-visita-Espana-Presidencia-1024x683.jpg 1024w, https:\/\/dr1.com\/news\/wp-content\/uploads\/2021\/04\/Luis-Abinader-visita-Espana-Presidencia-300x200.jpg 300w, https:\/\/dr1.com\/news\/wp-content\/uploads\/2021\/04\/Luis-Abinader-visita-Espana-Presidencia-768x512.jpg 768w, https:\/\/dr1.com\/news\/wp-content\/uploads\/2021\/04\/Luis-Abinader-visita-Espana-Presidencia.jpg 1300w\" sizes=\"(max-width: 706px) 89vw, (max-width: 767px) 82vw, 740px\" \/><\/figure><\/div>\n\n\n\n<p>President Luis Abinader met with representatives of the Dominican community in Spain on 18 April 2021 on his first day of the official trip to Spain and Andorra. An estimated 200,000 Dominicans live in Spain. The community requested improved passport services and inclusion in the governmental Senasa health plan.<\/p>\n\n\n\n<p>President Luis Abinader also met in Madrid with former Spanish Prime Ministers Felipe Gonz\u00e1lez and Jos\u00e9 Mar\u00eda Aznar.<\/p>\n\n\n\n<p>On his first day in Spain, President Abinader met with the Secretary General of the World Tourism Organization (UNWTO), Zurab Pololikashvili at the headquarters of that organization. The talks focused on coordinating policies for the continued recovery of the tourism sector in the Dominican Republic.<\/p>\n\n\n\n<p>On Monday, 19 April 2021, Abinader is to meet with the Spanish government president, Pedro S\u00e1nchez and later with King Felipe VI. The meetings are coordinated by Dominican ambassador in Spain Juan Bol\u00edvar Diaz and Spanish ambassador to the Dominican Republic, Alejandro Abell\u00e1n.<\/p>\n\n\n\n<p>President Abinader is accompanied by Dominican Foreign Minister Roberto \u00c1lvarez.<\/p>\n\n\n\n<p>Abinader is in Europe to attend the Iberoamerican Summit to be held 20-21 April in Andorra. The Dominican Republic is the designated host of the event in 2022.<\/p>\n\n\n\n<p>Read more in Spanish:<br><a href=\"https:\/\/presidencia.gob.do\/noticias\/presidente-abinader-se-reune-con-miembros-de-comunidad-dominicana-radicados-en-espana\">Presidencia<\/a><br><br><a href=\"https:\/\/hoy.com.do\/abinader-agota-primer-dia-espana-una-amplia-agenda\/\">Hoy<\/a><br><br><a href=\"https:\/\/www.diariolibre.com\/actualidad\/politica\/luis-abinader-resalta-acciones-para-recuperar-el-turismo-dominicano-NA25708225\">Diario Libre<\/a><br><\/p>\n\n\n\n<p>19 April 2021<\/p>\n","protected":false},"excerpt":{"rendered":"<p>President Luis Abinader met with representatives of the Dominican community in Spain on 18 April 2021 on his first day of the official trip to Spain and Andorra. An estimated 200,000 Dominicans live in Spain. The community requested improved passport services and inclusion in the governmental Senasa health plan. President Luis Abinader also met in &hellip; <\/p>\n<p class=\"link-more\"><a href=\"https:\/\/dr1.com\/news\/2021\/04\/19\/president-luis-abinader-in-spain\/\" class=\"more-link\">Read more\u2026<\/a><\/p>\n","protected":false},"author":2,"featured_media":0,"comment_status":"closed","ping_status":"closed","sticky":false,"template":"","format":"standard","meta":[],"categories":[290,3],"tags":[],"_links":{"self":[{"href":"https:\/\/dr1.com\/news\/wp-json\/wp\/v2\/posts\/156543"}],"collection":[{"href":"https:\/\/dr1.com\/news\/wp-json\/wp\/v2\/posts"}],"about":[{"href":"https:\/\/dr1.com\/news\/wp-json\/wp\/v2\/types\/post"}],"author":[{"embeddable":true,"href":"https:\/\/dr1.com\/news\/wp-json\/wp\/v2\/users\/2"}],"replies":[{"embeddable":true,"href":"https:\/\/dr1.com\/news\/wp-json\/wp\/v2\/comments?post=156543"}],"version-history":[{"count":3,"href":"https:\/\/dr1.com\/news\/wp-json\/wp\/v2\/posts\/156543\/revisions"}],"predecessor-version":[{"id":156566,"href":"https:\/\/dr1.com\/news\/wp-json\/wp\/v2\/posts\/156543\/revisions\/156566"}],"wp:attachment":[{"href":"https:\/\/dr1.com\/news\/wp-json\/wp\/v2\/media?parent=156543"}],"wp:term":[{"taxonomy":"category","embeddable":true,"href":"https:\/\/dr1.com\/news\/wp-json\/wp\/v2\/categories?post=156543"},{"taxonomy":"post_tag","embeddable":true,"href":"https:\/\/dr1.com\/news\/wp-json\/wp\/v2\/tags?post=156543"}],"curies":[{"name":"wp","href":"https:\/\/api.w.org\/{rel}","templated":true}]}}