{"id":157158,"date":"2021-04-29T06:31:05","date_gmt":"2021-04-29T10:31:05","guid":{"rendered":"https:\/\/dr1.com\/wordpress\/?p=157158"},"modified":"2021-04-29T10:11:50","modified_gmt":"2021-04-29T14:11:50","slug":"president-abinader-attends-start-of-large-residential-community-in-punta-cana","status":"publish","type":"post","link":"https:\/\/dr1.com\/news\/2021\/04\/29\/president-abinader-attends-start-of-large-residential-community-in-punta-cana\/","title":{"rendered":"President Abinader attends start of large residential community in Punta Cana"},"content":{"rendered":"\n<div class=\"wp-block-image\"><figure class=\"aligncenter size-large\"><img loading=\"lazy\" width=\"600\" height=\"401\" src=\"https:\/\/dr1.com\/wordpress\/wp-content\/uploads\/2021\/04\/Luis-Abinader-primer-picazo-Grupo-Sencion-N-Digital-e1619705497866.png\" alt=\"\" class=\"wp-image-157194\"\/><\/figure><\/div>\n\n\n\n<p>President Luis Abinader was in Punta Cana for the Panorama Lake groundbreaking ceremony. The Grupo Senci\u00f3n residences construction will have 1,200 residential units in the B\u00e1varo area of Punta Cana. Panorama Lake calls for an investment of US$102 million<\/p>\n\n\n\n<p>The investment will operate in association with the Grupo Martinon that has around 3,000 hotel rooms in the DR, including the NH, Breathless, Now Onyx, Now Larimar and Port Uvero Beach &amp; Spa.<\/p>\n\n\n\n<p>Attending were the presidents of Grupo Martinon, Enrique Martinon; of ALG Vacations, Ray Snisky; of Grumasa RD, Artur Cabre; and the regional vice presidents of AMR RD, Bob Thye and Daniel Hern\u00e1ndez and the regional commercial director, Luis N\u00fa\u00f1ez. Also Guillermo Senci\u00f3n S\u00faarez, for Grupo Senci\u00f3n.<\/p>\n\n\n\n<p>Present for the government were Tourism Minister David Collado, Administrative Minister of the Presidency Jose Ignacio Paliza, Public Works Minister Deligne Ascenci\u00f3n, Customs Agency director Eduardo Sanz Lovaton, administrator of the Banco de Reservas, Samuel Pereyra and the director of the National Housing Institute, Carlos Bonilla. Also the governor of La Altagracia province, Martina Pep\u00e9n, La Altagracia senator Virgilio Cedano, among others.<\/p>\n\n\n\n<p>Read more in Spanish:<br><a href=\"https:\/\/presidencia.gob.do\/noticias\/presidente-abinader-participa-en-el-inicio-del-proyecto-inmobiliario-panorama-lake-que\">Presidency<\/a><br><br><a href=\"https:\/\/n.com.do\/2021\/04\/28\/abinader-participa-en-el-primer-picazo-de-proyecto-generara-mil-empleos-con-inversion-de-us102-millones\/\">N Digital<\/a><br><\/p>\n\n\n\n<p>28 April 2021<\/p>\n","protected":false},"excerpt":{"rendered":"<p>President Luis Abinader was in Punta Cana for the Panorama Lake groundbreaking ceremony. The Grupo Senci\u00f3n residences construction will have 1,200 residential units in the B\u00e1varo area of Punta Cana. Panorama Lake calls for an investment of US$102 million The investment will operate in association with the Grupo Martinon that has around 3,000 hotel rooms &hellip; <\/p>\n<p class=\"link-more\"><a href=\"https:\/\/dr1.com\/news\/2021\/04\/29\/president-abinader-attends-start-of-large-residential-community-in-punta-cana\/\" class=\"more-link\">Read more\u2026<\/a><\/p>\n","protected":false},"author":2,"featured_media":0,"comment_status":"closed","ping_status":"closed","sticky":false,"template":"","format":"standard","meta":[],"categories":[290,3],"tags":[],"_links":{"self":[{"href":"https:\/\/dr1.com\/news\/wp-json\/wp\/v2\/posts\/157158"}],"collection":[{"href":"https:\/\/dr1.com\/news\/wp-json\/wp\/v2\/posts"}],"about":[{"href":"https:\/\/dr1.com\/news\/wp-json\/wp\/v2\/types\/post"}],"author":[{"embeddable":true,"href":"https:\/\/dr1.com\/news\/wp-json\/wp\/v2\/users\/2"}],"replies":[{"embeddable":true,"href":"https:\/\/dr1.com\/news\/wp-json\/wp\/v2\/comments?post=157158"}],"version-history":[{"count":3,"href":"https:\/\/dr1.com\/news\/wp-json\/wp\/v2\/posts\/157158\/revisions"}],"predecessor-version":[{"id":157196,"href":"https:\/\/dr1.com\/news\/wp-json\/wp\/v2\/posts\/157158\/revisions\/157196"}],"wp:attachment":[{"href":"https:\/\/dr1.com\/news\/wp-json\/wp\/v2\/media?parent=157158"}],"wp:term":[{"taxonomy":"category","embeddable":true,"href":"https:\/\/dr1.com\/news\/wp-json\/wp\/v2\/categories?post=157158"},{"taxonomy":"post_tag","embeddable":true,"href":"https:\/\/dr1.com\/news\/wp-json\/wp\/v2\/tags?post=157158"}],"curies":[{"name":"wp","href":"https:\/\/api.w.org\/{rel}","templated":true}]}}