{"id":159461,"date":"2021-06-08T06:52:45","date_gmt":"2021-06-08T10:52:45","guid":{"rendered":"https:\/\/dr1.com\/wordpress\/?p=159461"},"modified":"2021-06-08T16:36:05","modified_gmt":"2021-06-08T20:36:05","slug":"mourning-on-tuesday-for-leandro-guzman","status":"publish","type":"post","link":"https:\/\/dr1.com\/news\/2021\/06\/08\/mourning-on-tuesday-for-leandro-guzman\/","title":{"rendered":"Mourning on Tuesday for anti-Trujillo activist Leandro Guzm\u00e1n"},"content":{"rendered":"\n<div class=\"wp-block-image\"><figure class=\"alignleft size-large\"><img loading=\"lazy\" width=\"300\" height=\"381\" src=\"https:\/\/dr1.com\/wordpress\/wp-content\/uploads\/2021\/06\/Leandro-Guzman-Sin-Cortapisa.jpg\" alt=\"\" class=\"wp-image-159528\" srcset=\"https:\/\/dr1.com\/news\/wp-content\/uploads\/2021\/06\/Leandro-Guzman-Sin-Cortapisa.jpg 300w, https:\/\/dr1.com\/news\/wp-content\/uploads\/2021\/06\/Leandro-Guzman-Sin-Cortapisa-236x300.jpg 236w\" sizes=\"(max-width: 300px) 100vw, 300px\" \/><\/figure><\/div>\n\n\n\n<p>President Luis Abinader declared official mourning (Decree 363-21) on Tuesday, 8 June 2021 to celebrate the life of Leandro Guzman Rodr\u00edguez. He passed away on Saturday, 5 June 2021 at the age of 89. He was a founding member of the 14 June Movement, an movement that combatted the Trujillo regime. <\/p>\n\n\n\n<p>Guzm\u00e1n Rodr\u00edguez was the husband of Mar\u00eda Teresa Mirabal. Both were legendary anti-Trujillo activists. The United Nations declared Anti-Violence Against Women\u2019s Day on 25 November in honor of Mar\u00eda Teresa Mirabal and her sisters, murdered shortly after visiting their husbands who were in jail by order of dictator Rafael Leonidas Trujillo. <\/p>\n\n\n\n<p>&#8220;That Leandro Guzm\u00e1n Rodr\u00edguez was an outstanding activist and fighter for the respect of the fundamental rights and dignity of the Dominican people, as well as a defender of democratic ideals and resistance against authoritarianism, as he demonstrated in his opposition to the tyrannical regime of dictator Rafael Leonidas Trujillo,&#8221; states the decree.<\/p>\n\n\n\n<p>Article 2 of the decree establishes that the national flag must be flown at half-mast on Tuesday, 8 June 2021 in military precincts and public buildings throughout the country.<\/p>\n\n\n\n<p>Read more in Spanish:<br><a href=\"https:\/\/presidencia.gob.do\/decretos\/363-21\">Decree 363-21 <\/a><\/p>\n\n\n\n<p>7 June 2021<\/p>\n","protected":false},"excerpt":{"rendered":"<p>President Luis Abinader declared official mourning (Decree 363-21) on Tuesday, 8 June 2021 to celebrate the life of Leandro Guzman Rodr\u00edguez. He passed away on Saturday, 5 June 2021 at the age of 89. He was a founding member of the 14 June Movement, an movement that combatted the Trujillo regime. Guzm\u00e1n Rodr\u00edguez was the &hellip; <\/p>\n<p class=\"link-more\"><a href=\"https:\/\/dr1.com\/news\/2021\/06\/08\/mourning-on-tuesday-for-leandro-guzman\/\" class=\"more-link\">Read more\u2026<\/a><\/p>\n","protected":false},"author":2,"featured_media":0,"comment_status":"closed","ping_status":"closed","sticky":false,"template":"","format":"standard","meta":[],"categories":[290,3],"tags":[],"_links":{"self":[{"href":"https:\/\/dr1.com\/news\/wp-json\/wp\/v2\/posts\/159461"}],"collection":[{"href":"https:\/\/dr1.com\/news\/wp-json\/wp\/v2\/posts"}],"about":[{"href":"https:\/\/dr1.com\/news\/wp-json\/wp\/v2\/types\/post"}],"author":[{"embeddable":true,"href":"https:\/\/dr1.com\/news\/wp-json\/wp\/v2\/users\/2"}],"replies":[{"embeddable":true,"href":"https:\/\/dr1.com\/news\/wp-json\/wp\/v2\/comments?post=159461"}],"version-history":[{"count":7,"href":"https:\/\/dr1.com\/news\/wp-json\/wp\/v2\/posts\/159461\/revisions"}],"predecessor-version":[{"id":159565,"href":"https:\/\/dr1.com\/news\/wp-json\/wp\/v2\/posts\/159461\/revisions\/159565"}],"wp:attachment":[{"href":"https:\/\/dr1.com\/news\/wp-json\/wp\/v2\/media?parent=159461"}],"wp:term":[{"taxonomy":"category","embeddable":true,"href":"https:\/\/dr1.com\/news\/wp-json\/wp\/v2\/categories?post=159461"},{"taxonomy":"post_tag","embeddable":true,"href":"https:\/\/dr1.com\/news\/wp-json\/wp\/v2\/tags?post=159461"}],"curies":[{"name":"wp","href":"https:\/\/api.w.org\/{rel}","templated":true}]}}