{"id":160859,"date":"2021-07-02T08:54:47","date_gmt":"2021-07-02T12:54:47","guid":{"rendered":"https:\/\/dr1.com\/wordpress\/?p=160859"},"modified":"2021-07-04T19:31:05","modified_gmt":"2021-07-04T23:31:05","slug":"watch-this-on-tv-this-sunday-4-july-quisqueyanos-valientes-and-the-voice","status":"publish","type":"post","link":"https:\/\/dr1.com\/news\/2021\/07\/02\/watch-this-on-tv-this-sunday-4-july-quisqueyanos-valientes-and-the-voice\/","title":{"rendered":"Watch this on TV this Sunday, 4 July: Quisqueyanos Valientes and The Voice"},"content":{"rendered":"\n<div class=\"wp-block-image\"><figure class=\"alignleft size-large\"><img loading=\"lazy\" width=\"300\" height=\"300\" src=\"https:\/\/dr1.com\/wordpress\/wp-content\/uploads\/2021\/01\/The-Voice-Dominicana-official-website.png\" alt=\"\" class=\"wp-image-151861\" srcset=\"https:\/\/dr1.com\/news\/wp-content\/uploads\/2021\/01\/The-Voice-Dominicana-official-website.png 300w, https:\/\/dr1.com\/news\/wp-content\/uploads\/2021\/01\/The-Voice-Dominicana-official-website-150x150.png 150w\" sizes=\"(max-width: 300px) 100vw, 300px\" \/><\/figure><\/div>\n\n\n\n<p>TV journalist Jessica Hasbun presents \u201cQuisqueyanos Valientes,\u201d a four-part series on the little known struggles of Dominican athletes competing in the Tokyo Olympics. The documentaries are airing since Sunday, 27 June 2021 on Colorvision, Channel 9 from 5:30pm to 7pm as a warm-up to the Tokyo Olympics. They tell the incredible stories of what these Dominican athletes have had to do to overcome obstacles and be world-class athletes without the support system of most world-class athletes.<\/p>\n\n\n\n<p>And, starting this Sunday, 4 July, Telesistema, Channel 11 presents The Voice Dominicana. The local version of the leading reality show will air 8 to 10pm on Sundays. The coaches are: Milly Quezada, Nacho, Music\u00f3logo \u201cEl Libro\u201d and Juan Mag\u00e1n and the hosts Jhoel L\u00f3pez and Luz Garc\u00eda.<\/p>\n\n\n\n<p>Read more in Spanish:<br><a href=\"https:\/\/listindiario.com\/entretenimiento\/2021\/06\/02\/673127\/jessica-hasbun-presenta-la-serie-documental-quisqueyanos-valientes\">Listin Diario <\/a><\/p>\n\n\n\n<p><a href=\"https:\/\/thevoicedominicana.com\/\">The Voice Dominicana<\/a><\/p>\n\n\n\n<p>2 July 2021<\/p>\n","protected":false},"excerpt":{"rendered":"<p>TV journalist Jessica Hasbun presents \u201cQuisqueyanos Valientes,\u201d a four-part series on the little known struggles of Dominican athletes competing in the Tokyo Olympics. The documentaries are airing since Sunday, 27 June 2021 on Colorvision, Channel 9 from 5:30pm to 7pm as a warm-up to the Tokyo Olympics. They tell the incredible stories of what these &hellip; <\/p>\n<p class=\"link-more\"><a href=\"https:\/\/dr1.com\/news\/2021\/07\/02\/watch-this-on-tv-this-sunday-4-july-quisqueyanos-valientes-and-the-voice\/\" class=\"more-link\">Read more\u2026<\/a><\/p>\n","protected":false},"author":2,"featured_media":0,"comment_status":"closed","ping_status":"closed","sticky":false,"template":"","format":"standard","meta":[],"categories":[290,3],"tags":[],"_links":{"self":[{"href":"https:\/\/dr1.com\/news\/wp-json\/wp\/v2\/posts\/160859"}],"collection":[{"href":"https:\/\/dr1.com\/news\/wp-json\/wp\/v2\/posts"}],"about":[{"href":"https:\/\/dr1.com\/news\/wp-json\/wp\/v2\/types\/post"}],"author":[{"embeddable":true,"href":"https:\/\/dr1.com\/news\/wp-json\/wp\/v2\/users\/2"}],"replies":[{"embeddable":true,"href":"https:\/\/dr1.com\/news\/wp-json\/wp\/v2\/comments?post=160859"}],"version-history":[{"count":5,"href":"https:\/\/dr1.com\/news\/wp-json\/wp\/v2\/posts\/160859\/revisions"}],"predecessor-version":[{"id":160917,"href":"https:\/\/dr1.com\/news\/wp-json\/wp\/v2\/posts\/160859\/revisions\/160917"}],"wp:attachment":[{"href":"https:\/\/dr1.com\/news\/wp-json\/wp\/v2\/media?parent=160859"}],"wp:term":[{"taxonomy":"category","embeddable":true,"href":"https:\/\/dr1.com\/news\/wp-json\/wp\/v2\/categories?post=160859"},{"taxonomy":"post_tag","embeddable":true,"href":"https:\/\/dr1.com\/news\/wp-json\/wp\/v2\/tags?post=160859"}],"curies":[{"name":"wp","href":"https:\/\/api.w.org\/{rel}","templated":true}]}}