{"id":166628,"date":"2021-10-19T08:11:54","date_gmt":"2021-10-19T12:11:54","guid":{"rendered":"https:\/\/dr1.com\/wordpress\/?p=166628"},"modified":"2021-10-19T10:06:05","modified_gmt":"2021-10-19T14:06:05","slug":"candido-bido-exhibition-at-the-galeria-nacional-de-bellas-artes","status":"publish","type":"post","link":"https:\/\/dr1.com\/news\/2021\/10\/19\/candido-bido-exhibition-at-the-galeria-nacional-de-bellas-artes\/","title":{"rendered":"C\u00e1ndido Bid\u00f3 exhibition at the Galer\u00eda Nacional de Bellas Artes"},"content":{"rendered":"\n<div class=\"wp-block-image\"><figure class=\"aligncenter size-full is-resized\"><img src=\"https:\/\/dr1.com\/wordpress\/wp-content\/uploads\/2021\/10\/Candido-Bido-exposicion-Bellas-Artes-Diario-Libre.jpg\" alt=\"\" class=\"wp-image-166698\" width=\"600\" srcset=\"https:\/\/dr1.com\/news\/wp-content\/uploads\/2021\/10\/Candido-Bido-exposicion-Bellas-Artes-Diario-Libre.jpg 546w, https:\/\/dr1.com\/news\/wp-content\/uploads\/2021\/10\/Candido-Bido-exposicion-Bellas-Artes-Diario-Libre-300x192.jpg 300w\" sizes=\"(max-width: 546px) 100vw, 546px\" \/><\/figure><\/div>\n\n\n\n<p>Works of Candido Bid\u00f3 are on exhibit at the Galeria Nacional de Bellas Artes at the Palace of Bellas Artes in Santo Domingo. Bid\u00f3 died in 2011 of a heart attack and left a legacy of color and authenticity in his works. \u201cBid\u00f3, Always Present\u201d is a retrospective of the life and works of the outstanding painter. For the retrospective, collectors and the Bid\u00f3 family have shared the works. The exhibition is open through December. It can be viewed Monday to Friday from 9am to 5pm and from 10am to 1pm on Saturdays.<\/p>\n\n\n\n<p>Read more in Spanish:<br><a href=\"https:\/\/www.diariolibre.com\/revista\/cultura\/bido-siempre-presente-la-exposicion-que-honra-la-obra-de-candido-bido-MM29077290\">Diario Libre <\/a><\/p>\n\n\n\n<p>19 October 2021<\/p>\n","protected":false},"excerpt":{"rendered":"<p>Works of Candido Bid\u00f3 are on exhibit at the Galeria Nacional de Bellas Artes at the Palace of Bellas Artes in Santo Domingo. Bid\u00f3 died in 2011 of a heart attack and left a legacy of color and authenticity in his works. \u201cBid\u00f3, Always Present\u201d is a retrospective of the life and works of the &hellip; <\/p>\n<p class=\"link-more\"><a href=\"https:\/\/dr1.com\/news\/2021\/10\/19\/candido-bido-exhibition-at-the-galeria-nacional-de-bellas-artes\/\" class=\"more-link\">Read more\u2026<\/a><\/p>\n","protected":false},"author":2,"featured_media":0,"comment_status":"closed","ping_status":"closed","sticky":false,"template":"","format":"standard","meta":[],"categories":[290,3],"tags":[],"_links":{"self":[{"href":"https:\/\/dr1.com\/news\/wp-json\/wp\/v2\/posts\/166628"}],"collection":[{"href":"https:\/\/dr1.com\/news\/wp-json\/wp\/v2\/posts"}],"about":[{"href":"https:\/\/dr1.com\/news\/wp-json\/wp\/v2\/types\/post"}],"author":[{"embeddable":true,"href":"https:\/\/dr1.com\/news\/wp-json\/wp\/v2\/users\/2"}],"replies":[{"embeddable":true,"href":"https:\/\/dr1.com\/news\/wp-json\/wp\/v2\/comments?post=166628"}],"version-history":[{"count":2,"href":"https:\/\/dr1.com\/news\/wp-json\/wp\/v2\/posts\/166628\/revisions"}],"predecessor-version":[{"id":166699,"href":"https:\/\/dr1.com\/news\/wp-json\/wp\/v2\/posts\/166628\/revisions\/166699"}],"wp:attachment":[{"href":"https:\/\/dr1.com\/news\/wp-json\/wp\/v2\/media?parent=166628"}],"wp:term":[{"taxonomy":"category","embeddable":true,"href":"https:\/\/dr1.com\/news\/wp-json\/wp\/v2\/categories?post=166628"},{"taxonomy":"post_tag","embeddable":true,"href":"https:\/\/dr1.com\/news\/wp-json\/wp\/v2\/tags?post=166628"}],"curies":[{"name":"wp","href":"https:\/\/api.w.org\/{rel}","templated":true}]}}