{"id":167295,"date":"2021-10-29T06:27:17","date_gmt":"2021-10-29T10:27:17","guid":{"rendered":"https:\/\/dr1.com\/wordpress\/?p=167295"},"modified":"2021-10-29T10:24:23","modified_gmt":"2021-10-29T14:24:23","slug":"in-honor-of-three-la-vega-firefighters","status":"publish","type":"post","link":"https:\/\/dr1.com\/news\/2021\/10\/29\/in-honor-of-three-la-vega-firefighters\/","title":{"rendered":"In honor of three La Vega firefighters"},"content":{"rendered":"\n<div class=\"wp-block-image\"><figure class=\"aligncenter size-full\"><img loading=\"lazy\" width=\"600\" height=\"292\" src=\"https:\/\/dr1.com\/wordpress\/wp-content\/uploads\/2021\/10\/Cesar-Arturo-Abreu-Diario-Libre.png\" alt=\"\" class=\"wp-image-167348\" srcset=\"https:\/\/dr1.com\/news\/wp-content\/uploads\/2021\/10\/Cesar-Arturo-Abreu-Diario-Libre.png 600w, https:\/\/dr1.com\/news\/wp-content\/uploads\/2021\/10\/Cesar-Arturo-Abreu-Diario-Libre-300x146.png 300w\" sizes=\"(max-width: 600px) 100vw, 600px\" \/><\/figure><\/div>\n\n\n\n<p>The country pays tribute to the three La Vega firemen who died when trying to save lives and put out a major fire at the Casa Mora in La Vega. The city of La Vega called three days of mourning.<\/p>\n\n\n\n<p>22-year old Olvis de Jes\u00fas Far\u00edas, 53-year old Juan Mar\u00eda Concepci\u00f3n and 55-year old Jos\u00e9 Luis Mojica lost their lives when they were trapped inside the store when a section of the roof collapsed.<\/p>\n\n\n\n<p>President Luis Abinader sent his condolences to the family. He also tweeted upon being informed of the death of the firemen: &#8220;So sad the loss of the lives of the three firemen in fulfillment of their duty putting out the fire in La Vega. My condolences to the family and peace to their souls.&#8221; He called the three men &#8220;national heroes.&#8221;<\/p>\n\n\n\n<p>The mayor of La Vega Kelvin Cruz said that First Lady Raquel Arbaje has guaranteed the widows, the children and the parents of the three deceased firefighters that &#8220;they will lack for nothing.&#8221; He said the Dominican government is covering the expenses for the funeral, the housing and the pension for the families.<\/p>\n\n\n\n<p>Hoy reports on the heroism of the firemen. The men received wages of RD$5,000 a month.<\/p>\n\n\n\n<p>Colonel C\u00e9sar Arturo Abr\u00e9u, spokesmen for the firemen, said the fire occurred due to an internal electrical failure. The mayor attributed the fire to a short circuit in the store connection to its emergency plant. &#8220;The firefighters were protected with gloves, respirators, air, high pressure fire trucks; they were fully equipped,&#8221; he explained.<\/p>\n\n\n\n<p>He reported that firefighters from the National District and 911 drone teams acted in the rescue, using the latest technology to detect heat with a technical drone and another high vision drone. &#8220;We had everything in our hands but we could not save their lives,&#8221; he said, saddened by the death of Major Juan Mar\u00eda Concepci\u00f3n, Second Lieutenant Olvis Arias and Sergeant Major Jos\u00e9 Luis Mojica. The victims resided in Villa Rosa, Atico and La Carmelita in La Vega province and were buried yesterday afternoon.<\/p>\n\n\n\n<p>Read more in Spanish:<br><a href=\"https:\/\/www.diariolibre.com\/actualidad\/sucesos\/estaban-atrapados-y-yo-perdia-el-conocimiento-dijo-el-intendente-del-cuerpo-de-bomberos-de-la-vega-NP29629712\">Diario Libre <\/a><br><a href=\"https:\/\/hoy.com.do\/tragedia-de-bomberos-una-mirada-heroica\/\">Hoy <\/a><br><a href=\"https:\/\/hoy.com.do\/abinader-envia-condolencias-a-familiares-de-bomberos-muertos-en-la-vega\/\">Hoy <\/a><br><a href=\"https:\/\/hoy.com.do\/bomberos-tenian-equipos-pero-quedaron-atrapados\/\">Hoy <\/a><br><a href=\"https:\/\/noticiassin.com\/pais\/tres-dias-de-duelo-por-la-muerte-de-tres-bomberos-durante-incendio-1177844\">Noticias SIN <\/a><br><a href=\"https:\/\/listindiario.com\/la-republica\/2021\/10\/29\/694439\/la-vega-da-su-ultimo-adios-a-tres-heroes\">Listin Diario<\/a><br><a href=\"https:\/\/eldia.com.do\/muerte-bomberos-incendio-consterna-la-vega\/\">El Dia <\/a><br><a href=\"https:\/\/www.elcaribe.com.do\/panorama\/pais\/tras-muerte-de-tres-bomberos-reclaman-regular-negocios\/\">El Caribe <\/a><\/p>\n\n\n\n<p>29 October 2021<\/p>\n","protected":false},"excerpt":{"rendered":"<p>The country pays tribute to the three La Vega firemen who died when trying to save lives and put out a major fire at the Casa Mora in La Vega. The city of La Vega called three days of mourning. 22-year old Olvis de Jes\u00fas Far\u00edas, 53-year old Juan Mar\u00eda Concepci\u00f3n and 55-year old Jos\u00e9 &hellip; <\/p>\n<p class=\"link-more\"><a href=\"https:\/\/dr1.com\/news\/2021\/10\/29\/in-honor-of-three-la-vega-firefighters\/\" class=\"more-link\">Read more\u2026<\/a><\/p>\n","protected":false},"author":2,"featured_media":0,"comment_status":"closed","ping_status":"closed","sticky":false,"template":"","format":"standard","meta":[],"categories":[290,3],"tags":[],"_links":{"self":[{"href":"https:\/\/dr1.com\/news\/wp-json\/wp\/v2\/posts\/167295"}],"collection":[{"href":"https:\/\/dr1.com\/news\/wp-json\/wp\/v2\/posts"}],"about":[{"href":"https:\/\/dr1.com\/news\/wp-json\/wp\/v2\/types\/post"}],"author":[{"embeddable":true,"href":"https:\/\/dr1.com\/news\/wp-json\/wp\/v2\/users\/2"}],"replies":[{"embeddable":true,"href":"https:\/\/dr1.com\/news\/wp-json\/wp\/v2\/comments?post=167295"}],"version-history":[{"count":4,"href":"https:\/\/dr1.com\/news\/wp-json\/wp\/v2\/posts\/167295\/revisions"}],"predecessor-version":[{"id":167349,"href":"https:\/\/dr1.com\/news\/wp-json\/wp\/v2\/posts\/167295\/revisions\/167349"}],"wp:attachment":[{"href":"https:\/\/dr1.com\/news\/wp-json\/wp\/v2\/media?parent=167295"}],"wp:term":[{"taxonomy":"category","embeddable":true,"href":"https:\/\/dr1.com\/news\/wp-json\/wp\/v2\/categories?post=167295"},{"taxonomy":"post_tag","embeddable":true,"href":"https:\/\/dr1.com\/news\/wp-json\/wp\/v2\/tags?post=167295"}],"curies":[{"name":"wp","href":"https:\/\/api.w.org\/{rel}","templated":true}]}}