{"id":177600,"date":"2022-04-25T08:03:07","date_gmt":"2022-04-25T12:03:07","guid":{"rendered":"https:\/\/dr1.com\/news\/?p=177600"},"modified":"2022-04-25T08:59:27","modified_gmt":"2022-04-25T12:59:27","slug":"malecon-promenade-extends-to-the-west","status":"publish","type":"post","link":"https:\/\/dr1.com\/news\/2022\/04\/25\/malecon-promenade-extends-to-the-west\/","title":{"rendered":"Malec\u00f3n promenade extends to the west"},"content":{"rendered":"\n<div class=\"wp-block-image\"><figure class=\"aligncenter size-large is-resized\"><img src=\"https:\/\/dr1.com\/news\/wp-content\/uploads\/2022\/04\/Carolina-Mejia-Extension-Malecon-Hoy-1024x670.png\" alt=\"\" class=\"wp-image-177665\" width=\"600\"\/><\/figure><\/div>\n\n\n\n<p>National District Mayor Carolina Mejia announced the start of the fourth phase of the Santo Domingo Malec\u00f3n Promenade. Mejia said the works seek to transform the Malec\u00f3n into a large linear park.<\/p>\n\n\n\n<p>The initiative calls for the recovery and renovation of a fourth section of the 14 km Caribbean Sea-bordering road. This section is between Av. N\u00fa\u00f1ez de C\u00e1ceres (Autopista 30 de Mayo) and Huascar Tejeda Street (Av. George Washington).<\/p>\n\n\n\n<p>Mayor Carolina Mejia gave the first kick-off for the beginning of the work that enhances the role of the Malecon of Santo Domingo as an urban promenade and an attraction for Dominicans and foreigners visiting the country.<\/p>\n\n\n\n<p>The fourth stage of the Malecon SD Promenade extends over an area of 3.5 kilometers along the seafront. The cost of the project is RD$208 million.<\/p>\n\n\n\n<p>&#8220;We promised it and we are fulfilling it. Santo Domingo will have a new stretch of the Malecon to enjoy. The city will have its coastline transformed with this historic work, but the most important thing about this rescue of our emblematic Malecon is that it will become a space for healthy family fun and recreation,&#8221; said the Mayor during the ceremony marking the start of works.<\/p>\n\n\n\n<p>The Paseo Mar\u00edtimo encompasses two panoramic viewpoints, street signage, remodeling and redistribution of existing parking lots, tree planting, street furniture, benches replacement, and storm drainage improvement to eliminate annoying puddles.<\/p>\n\n\n\n<p>The project includes the construction of 36,198.2 square meters of sidewalks will be built, the installation of 160 poles with polymer protection to prevent corrosion and 364 solar led lamps with cameras along the entire route, independent of the electricity service. The project will incorporate three new parks to the city: La Yagua, Los H\u00e9roes and La Hispaniola.<\/p>\n\n\n\n<p>Former President Hip\u00f3lito Mej\u00eda, who is the mayor\u2019s father and Public Works Minister Deligne Ascenci\u00f3n were present. Also attending were the directors of the CAASD, Fellito Suberv\u00ed; of INAPA, Wellington Arnaud among others.<\/p>\n\n\n\n<p>Read more in Spanish:<br><a href=\"https:\/\/hoy.com.do\/adn-inicia-la-cuarta-fase-del-paseo-maritimo-malecon-sd\/\">Hoy<\/a><br><a href=\"https:\/\/www.youtube.com\/watch?v=F3usgJ4BEZE\">YouTube <\/a><br><a href=\"https:\/\/www.instagram.com\/tv\/CcrCxBWFmD6\/?igshid=NjY2NjE5MzQ=\">Instagram <\/a><\/p>\n\n\n\n<p>25 April 2022<\/p>\n","protected":false},"excerpt":{"rendered":"<p>National District Mayor Carolina Mejia announced the start of the fourth phase of the Santo Domingo Malec\u00f3n Promenade. Mejia said the works seek to transform the Malec\u00f3n into a large linear park. The initiative calls for the recovery and renovation of a fourth section of the 14 km Caribbean Sea-bordering road. This section is between &hellip; <\/p>\n<p class=\"link-more\"><a href=\"https:\/\/dr1.com\/news\/2022\/04\/25\/malecon-promenade-extends-to-the-west\/\" class=\"more-link\">Read more\u2026<\/a><\/p>\n","protected":false},"author":2,"featured_media":0,"comment_status":"closed","ping_status":"closed","sticky":false,"template":"","format":"standard","meta":[],"categories":[293,3],"tags":[],"_links":{"self":[{"href":"https:\/\/dr1.com\/news\/wp-json\/wp\/v2\/posts\/177600"}],"collection":[{"href":"https:\/\/dr1.com\/news\/wp-json\/wp\/v2\/posts"}],"about":[{"href":"https:\/\/dr1.com\/news\/wp-json\/wp\/v2\/types\/post"}],"author":[{"embeddable":true,"href":"https:\/\/dr1.com\/news\/wp-json\/wp\/v2\/users\/2"}],"replies":[{"embeddable":true,"href":"https:\/\/dr1.com\/news\/wp-json\/wp\/v2\/comments?post=177600"}],"version-history":[{"count":6,"href":"https:\/\/dr1.com\/news\/wp-json\/wp\/v2\/posts\/177600\/revisions"}],"predecessor-version":[{"id":177666,"href":"https:\/\/dr1.com\/news\/wp-json\/wp\/v2\/posts\/177600\/revisions\/177666"}],"wp:attachment":[{"href":"https:\/\/dr1.com\/news\/wp-json\/wp\/v2\/media?parent=177600"}],"wp:term":[{"taxonomy":"category","embeddable":true,"href":"https:\/\/dr1.com\/news\/wp-json\/wp\/v2\/categories?post=177600"},{"taxonomy":"post_tag","embeddable":true,"href":"https:\/\/dr1.com\/news\/wp-json\/wp\/v2\/tags?post=177600"}],"curies":[{"name":"wp","href":"https:\/\/api.w.org\/{rel}","templated":true}]}}