{"id":180354,"date":"2022-06-13T06:55:17","date_gmt":"2022-06-13T10:55:17","guid":{"rendered":"https:\/\/dr1.com\/news\/?p=180354"},"modified":"2022-06-13T09:04:46","modified_gmt":"2022-06-13T13:04:46","slug":"environmental-permits-put-on-hold-at-ministry-of-environment-following-murder-of-the-minister","status":"publish","type":"post","link":"https:\/\/dr1.com\/news\/2022\/06\/13\/environmental-permits-put-on-hold-at-ministry-of-environment-following-murder-of-the-minister\/","title":{"rendered":"Environmental permits put on hold at Ministry of Environment following murder of the minister"},"content":{"rendered":"\n<div class=\"wp-block-image\"><figure class=\"aligncenter size-full\"><img loading=\"lazy\" width=\"600\" height=\"466\" src=\"https:\/\/dr1.com\/news\/wp-content\/uploads\/2021\/12\/Ministerio-Medio-Ambiente-Hoy-e1638535302411.png\" alt=\"\" class=\"wp-image-169764\"\/><\/figure><\/div>\n\n\n\n<p>Acting President of the Republic, Vice President Raquel Pe\u00f1a met on Thursday, 9 June 2022 with deputy ministers of the Ministry of Environment to express condolences and coordinate the continuation of the work after the murder of minister Orlando Jorge Mera. The meeting took place at the Presidential Palace.<\/p>\n\n\n\n<p>Jorge Mera was murdered on Monday, 6 June 2022. The confessed murderer that morning at the Ministry had complained about not getting the environmental permits for his clients. <\/p>\n\n\n\n<p>The Vice President was accompanied by legal advisor to the President Antoliano Peralta during the meeting.<\/p>\n\n\n\n<p>As reported by the Presidency, the Vice President and legal advisor learned first-hand from the deputy minsiters of the current status of projects with permits pending at the Ministry of Environment.<\/p>\n\n\n\n<p>Participating in the meeting at the Presidency were: Juan Eduardo Julia Mera, Federico Alberto Franco Taveras, Juan Fulvio Ure\u00f1a Acosta, Milagros Marina De Camps Germ\u00e1n, Jos\u00e9 Ram\u00f3n Reyes L\u00f3pez, Fernanda Mercedes de Le\u00f3n Caba, Edilio Segundo Flori\u00e1n Santana and Jorge Ruiz.<\/p>\n\n\n\n<p>&#8220;We need them to guarantee they can provide the country with the assurance that we will continue working firmly in the defense of the environment and providing services to citizens,&#8221; the Vice President stated in a press release following the meeting.<\/p>\n\n\n\n<p>The press release indicated key decisions are put on hold until President Abinader returned to the country on Saturday, 11 June 2022. The President has yet to name a new head of the Ministry of Environment to replace Jorge Mera. <\/p>\n\n\n\n<p>Vice President Pe\u00f1a told the deputy ministers that transcendental decisions be postponed until a new minister is appointed.<\/p>\n\n\n\n<p>&#8220;Even in times of sorrow for the pain that surrounds the country, we must focus on maintaining the projections of growth and good management of the environment, respecting the legal framework,&#8221; she emphasized.<\/p>\n\n\n\n<p>The Presidential press release notes that the country is still reeling from the shock and grief caused by this tragic and violent event.<\/p>\n\n\n\n<p>&#8220;He is an inspiration and an example to promote the legacy he was building as a valuable asset for the democratic life of the nation, as a consolidator and tireless worker, a politician with a great trajectory since his early youth and, recently, in his role of Minister of Environment&#8221;, she remarked as stated in the press release.<\/p>\n\n\n\n<p>However, she added, that the country must recover and assume the duty and obligation to move forward in this task of building a better nation from public functions.<\/p>\n\n\n\n<p>&#8220;Remember that now we are all part of the legacy of Minister Orlando Jorge Mera and that we must follow the example he left us, harvesting the fruits of the seeds he sowed in each of us,&#8221; she said.<\/p>\n\n\n\n<p>Read more in Spanish:<br><a href=\"https:\/\/presidencia.gob.do\/noticias\/vicepresidenta-raquel-pena-coordina-con-viceministros-continuidad-de-gestion-y-labores-en\">Presidency <\/a><\/p>\n\n\n\n<p>13 June 2022<\/p>\n","protected":false},"excerpt":{"rendered":"<p>Acting President of the Republic, Vice President Raquel Pe\u00f1a met on Thursday, 9 June 2022 with deputy ministers of the Ministry of Environment to express condolences and coordinate the continuation of the work after the murder of minister Orlando Jorge Mera. The meeting took place at the Presidential Palace. Jorge Mera was murdered on Monday, &hellip; <\/p>\n<p class=\"link-more\"><a href=\"https:\/\/dr1.com\/news\/2022\/06\/13\/environmental-permits-put-on-hold-at-ministry-of-environment-following-murder-of-the-minister\/\" class=\"more-link\">Read more\u2026<\/a><\/p>\n","protected":false},"author":2,"featured_media":0,"comment_status":"closed","ping_status":"closed","sticky":false,"template":"","format":"standard","meta":[],"categories":[293,3],"tags":[],"_links":{"self":[{"href":"https:\/\/dr1.com\/news\/wp-json\/wp\/v2\/posts\/180354"}],"collection":[{"href":"https:\/\/dr1.com\/news\/wp-json\/wp\/v2\/posts"}],"about":[{"href":"https:\/\/dr1.com\/news\/wp-json\/wp\/v2\/types\/post"}],"author":[{"embeddable":true,"href":"https:\/\/dr1.com\/news\/wp-json\/wp\/v2\/users\/2"}],"replies":[{"embeddable":true,"href":"https:\/\/dr1.com\/news\/wp-json\/wp\/v2\/comments?post=180354"}],"version-history":[{"count":4,"href":"https:\/\/dr1.com\/news\/wp-json\/wp\/v2\/posts\/180354\/revisions"}],"predecessor-version":[{"id":180474,"href":"https:\/\/dr1.com\/news\/wp-json\/wp\/v2\/posts\/180354\/revisions\/180474"}],"wp:attachment":[{"href":"https:\/\/dr1.com\/news\/wp-json\/wp\/v2\/media?parent=180354"}],"wp:term":[{"taxonomy":"category","embeddable":true,"href":"https:\/\/dr1.com\/news\/wp-json\/wp\/v2\/categories?post=180354"},{"taxonomy":"post_tag","embeddable":true,"href":"https:\/\/dr1.com\/news\/wp-json\/wp\/v2\/tags?post=180354"}],"curies":[{"name":"wp","href":"https:\/\/api.w.org\/{rel}","templated":true}]}}