{"id":182107,"date":"2022-07-12T06:20:44","date_gmt":"2022-07-12T10:20:44","guid":{"rendered":"https:\/\/dr1.com\/news\/?p=182107"},"modified":"2022-07-12T08:19:53","modified_gmt":"2022-07-12T12:19:53","slug":"direct-flights-from-madrid-to-samana-international-airport","status":"publish","type":"post","link":"https:\/\/dr1.com\/news\/2022\/07\/12\/direct-flights-from-madrid-to-samana-international-airport\/","title":{"rendered":"Direct flights from Madrid to Saman\u00e1 International Airport"},"content":{"rendered":"\n<div class=\"wp-block-image\"><figure class=\"aligncenter size-large is-resized\"><img src=\"https:\/\/dr1.com\/news\/wp-content\/uploads\/2022\/07\/Turistas-Aeropuerto-Samana-ARECOA-1024x681.png\" alt=\"\" class=\"wp-image-182128\" width=\"600\"\/><\/figure><\/div>\n\n\n\n<p>Spanish tourism&#8217;s Grupo Pi\u00f1ero and Soltour are flying in Sunday flights with tourists from Spain and Portugal this summer. The direct summer flights from Madrid are non-stop to the northeastern beach and adventure destination. The first flight arried on Sunday, 3 July 2022. The flight continues through 11 September 2022, for 12 direct flights from Madrid&#8217;s Barajas International Airport. The flights are into El Catey, Samana&#8217;s International Airport, Arecoa reports.<\/p>\n\n\n\n<p>More than 3,000 tourists are to be flown this summer to the area bringing guests to the Bahia Principe Hotels &amp; Resorts in Saman\u00e1.<\/p>\n\n\n\n<p>To promote the Saman\u00e1 vacations, Bahia Principe launched a short film on Saman\u00e1 directed by Spanish film director and screenwriter Daniel S\u00e1nchez-Ar\u00e9valo, winner of a Goya Award. The promotion features renowned Spanish actor Hugo Silva. The film, &#8220;The best version of the Caribbean, your best version,&#8221; is mainly centered on the attractions of Samana.<\/p>\n\n\n\n<p>The promotional campaign was presented in Saman\u00e1 at a meeting that brought together representatives of the Pi\u00f1ero Group, national and international authorities. Among those attending were Tammy Reynoso, Deputy Minister of Development &#8211; Ministry of Tourism; M\u00f3nika Infante, director of Aeropuertos Dominicanos Siglo XXI (Aerodom); and on behalf of Grupo Pi\u00f1ero: Teresa Arizti, chief marketing officer (CMO) of Soltour Travel Partners; and Genaro Ben\u00edtez, country manager of Bahia Principe Hotels &amp; Resorts in the Dominican Republic.<\/p>\n\n\n\n<p>Teresa Arizti, chief marketing officer (CMO) of Soltour Travel Partners highlighted that Samana awakens the curiosity of international tourists who are looking for a unique, complete and different experience in the destination that goes beyond the sun and beach offer.<\/p>\n\n\n\n<p>Deputy Tourism Minister Tammy Reynoso explained that the direct flights to Samana are the result of perseverance, public-private synergy and connectivity. She says this is part of efforts to take the Dominican offer to the next level. The effort seeks to position the country as a complete and experiential destination that embraces respect for the environment and greater interaction with the communities.<\/p>\n\n\n\n<p>Read more in Spanish:<br><a href=\"https:\/\/www.arecoa.com\/destinos\/2022\/07\/07\/el-touroperador-de-grupo-pinero-llevara-mas-de-3000-turistas-a-samana\/\">Arecoa <\/a><br><a href=\"https:\/\/www.mitur.gob.do\/noticias\/el-ttoo-de-grupo-pinero-llevara-mas-de-3000-turistas-a-samana\/\">Ministry of Tourism <\/a><\/p>\n\n\n\n<p>12 July 2022<\/p>\n","protected":false},"excerpt":{"rendered":"<p>Spanish tourism&#8217;s Grupo Pi\u00f1ero and Soltour are flying in Sunday flights with tourists from Spain and Portugal this summer. The direct summer flights from Madrid are non-stop to the northeastern beach and adventure destination. The first flight arried on Sunday, 3 July 2022. The flight continues through 11 September 2022, for 12 direct flights from &hellip; <\/p>\n<p class=\"link-more\"><a href=\"https:\/\/dr1.com\/news\/2022\/07\/12\/direct-flights-from-madrid-to-samana-international-airport\/\" class=\"more-link\">Read more\u2026<\/a><\/p>\n","protected":false},"author":2,"featured_media":0,"comment_status":"closed","ping_status":"closed","sticky":false,"template":"","format":"standard","meta":[],"categories":[294,15],"tags":[],"_links":{"self":[{"href":"https:\/\/dr1.com\/news\/wp-json\/wp\/v2\/posts\/182107"}],"collection":[{"href":"https:\/\/dr1.com\/news\/wp-json\/wp\/v2\/posts"}],"about":[{"href":"https:\/\/dr1.com\/news\/wp-json\/wp\/v2\/types\/post"}],"author":[{"embeddable":true,"href":"https:\/\/dr1.com\/news\/wp-json\/wp\/v2\/users\/2"}],"replies":[{"embeddable":true,"href":"https:\/\/dr1.com\/news\/wp-json\/wp\/v2\/comments?post=182107"}],"version-history":[{"count":3,"href":"https:\/\/dr1.com\/news\/wp-json\/wp\/v2\/posts\/182107\/revisions"}],"predecessor-version":[{"id":182131,"href":"https:\/\/dr1.com\/news\/wp-json\/wp\/v2\/posts\/182107\/revisions\/182131"}],"wp:attachment":[{"href":"https:\/\/dr1.com\/news\/wp-json\/wp\/v2\/media?parent=182107"}],"wp:term":[{"taxonomy":"category","embeddable":true,"href":"https:\/\/dr1.com\/news\/wp-json\/wp\/v2\/categories?post=182107"},{"taxonomy":"post_tag","embeddable":true,"href":"https:\/\/dr1.com\/news\/wp-json\/wp\/v2\/tags?post=182107"}],"curies":[{"name":"wp","href":"https:\/\/api.w.org\/{rel}","templated":true}]}}