{"id":186147,"date":"2022-09-19T07:37:49","date_gmt":"2022-09-19T11:37:49","guid":{"rendered":"https:\/\/dr1.com\/news\/?p=186147"},"modified":"2022-09-19T08:38:12","modified_gmt":"2022-09-19T12:38:12","slug":"videos-put-chamber-of-accounts-president-in-hot-waters","status":"publish","type":"post","link":"https:\/\/dr1.com\/news\/2022\/09\/19\/videos-put-chamber-of-accounts-president-in-hot-waters\/","title":{"rendered":"Videos put Chamber of Accounts president in hot waters"},"content":{"rendered":"\n<div class=\"wp-block-image\"><figure class=\"aligncenter size-full is-resized\"><img src=\"https:\/\/dr1.com\/news\/wp-content\/uploads\/2021\/10\/Janel-Andres-Ramirez-Sanchez-Z101-Digital.png\" alt=\"\" class=\"wp-image-166148\" width=\"600\" srcset=\"https:\/\/dr1.com\/news\/wp-content\/uploads\/2021\/10\/Janel-Andres-Ramirez-Sanchez-Z101-Digital.png 573w, https:\/\/dr1.com\/news\/wp-content\/uploads\/2021\/10\/Janel-Andres-Ramirez-Sanchez-Z101-Digital-300x184.png 300w\" sizes=\"(max-width: 573px) 100vw, 573px\" \/><\/figure><\/div>\n\n\n\n<p>TV investigative reporter Nuria Piera aired videos that back accusations that the president of the Chamber of Accounts, Janel Andr\u00e9s Ram\u00edrez S\u00e1nchez incurred in staff sexual harassment.<\/p>\n\n\n\n<p>The audios captured by one of the two employees of the Chamber of Accounts who denounce that the head of that government agency sexually and occupationally harassed them, are part of the evidence with which the defense bar of Bella Massiel Garc\u00eda and Virginia Correa Jim\u00e9nez support the complaint made against the official before the Attorney General Miriam Germ\u00e1n. <\/p>\n\n\n\n<p>The program Nuria Investigacion Periodistica presented a report on Saturday, 17 September 2022, airing the incriminating recordings. <\/p>\n\n\n\n<p>The Chamber of Accounts carries out audits to government entities and is mostly working on auditing actions of the past government marked by major corruption as per early files presented by the state prosecutors. The Chamber of Accounts has also investigated corruption in this government, including looking into audits that show irregularities in the present National Congress. <\/p>\n\n\n\n<p>Follow the story:<br><a href=\"https:\/\/n.com.do\/2022\/09\/18\/audios-soportan-la-denuncia-de-acoso-sexual-contra-presidente-de-la-camara-de-cuentas\/\">N Digital <\/a><br><a href=\"https:\/\/n.com.do\/2022\/09\/18\/camara-de-cuentas-entre-denuncias-de-acoso-sexual-y-juicio-politico-nuria-piera\/\">N Digital <\/a><br><a href=\"https:\/\/www.diariolibre.com\/opinion\/am\/2022\/09\/18\/denuncia-en-camara-de-cuentas-no-debe-quedarse-en-chisme\/2072881\">Diario Libre <\/a><br><a href=\"https:\/\/dr1.com\/news\/2022\/09\/15\/resolving-the-situation-at-the-chamber-of-accounts\/\">DR1 News <\/a><\/p>\n\n\n\n<p>19 September 2022<\/p>\n","protected":false},"excerpt":{"rendered":"<p>TV investigative reporter Nuria Piera aired videos that back accusations that the president of the Chamber of Accounts, Janel Andr\u00e9s Ram\u00edrez S\u00e1nchez incurred in staff sexual harassment. The audios captured by one of the two employees of the Chamber of Accounts who denounce that the head of that government agency sexually and occupationally harassed them, &hellip; <\/p>\n<p class=\"link-more\"><a href=\"https:\/\/dr1.com\/news\/2022\/09\/19\/videos-put-chamber-of-accounts-president-in-hot-waters\/\" class=\"more-link\">Read more\u2026<\/a><\/p>\n","protected":false},"author":2,"featured_media":0,"comment_status":"closed","ping_status":"closed","sticky":false,"template":"","format":"standard","meta":[],"categories":[293,3],"tags":[],"_links":{"self":[{"href":"https:\/\/dr1.com\/news\/wp-json\/wp\/v2\/posts\/186147"}],"collection":[{"href":"https:\/\/dr1.com\/news\/wp-json\/wp\/v2\/posts"}],"about":[{"href":"https:\/\/dr1.com\/news\/wp-json\/wp\/v2\/types\/post"}],"author":[{"embeddable":true,"href":"https:\/\/dr1.com\/news\/wp-json\/wp\/v2\/users\/2"}],"replies":[{"embeddable":true,"href":"https:\/\/dr1.com\/news\/wp-json\/wp\/v2\/comments?post=186147"}],"version-history":[{"count":3,"href":"https:\/\/dr1.com\/news\/wp-json\/wp\/v2\/posts\/186147\/revisions"}],"predecessor-version":[{"id":186207,"href":"https:\/\/dr1.com\/news\/wp-json\/wp\/v2\/posts\/186147\/revisions\/186207"}],"wp:attachment":[{"href":"https:\/\/dr1.com\/news\/wp-json\/wp\/v2\/media?parent=186147"}],"wp:term":[{"taxonomy":"category","embeddable":true,"href":"https:\/\/dr1.com\/news\/wp-json\/wp\/v2\/categories?post=186147"},{"taxonomy":"post_tag","embeddable":true,"href":"https:\/\/dr1.com\/news\/wp-json\/wp\/v2\/tags?post=186147"}],"curies":[{"name":"wp","href":"https:\/\/api.w.org\/{rel}","templated":true}]}}