{"id":187596,"date":"2022-10-12T07:30:47","date_gmt":"2022-10-12T11:30:47","guid":{"rendered":"https:\/\/dr1.com\/news\/?p=187596"},"modified":"2022-10-12T08:03:11","modified_gmt":"2022-10-12T12:03:11","slug":"international-poetry-week-2022","status":"publish","type":"post","link":"https:\/\/dr1.com\/news\/2022\/10\/12\/international-poetry-week-2022\/","title":{"rendered":"International Poetry Week 2022"},"content":{"rendered":"\n<div class=\"wp-block-image\"><figure class=\"aligncenter size-large is-resized\"><img src=\"https:\/\/dr1.com\/news\/wp-content\/uploads\/2022\/10\/Poesia-2022-1024x426.png\" alt=\"\" class=\"wp-image-187616\" width=\"600\"\/><\/figure><\/div>\n\n\n\n<p>The Ministry of Culture announces the celebration of the 11th International Week of Poetry. The event is scheduled for 20-26 October 2022. This year it is dedicated to poets Mariano Lebr\u00f3n Savi\u00f1\u00f3n and Antonio Fern\u00e1ndez Spencer.<\/p>\n\n\n\n<p>Culture Minister Milagros German made the announcement at the Manual Rueda auditorium in the National Music Conservatory. She highlighted that the Poetry Week is a celebration of joy and a stimulus to creation, as well as an exercise of love for art and culture.<\/p>\n\n\n\n<p>Jos\u00e9 M\u00e1rmol, president of the organizing committee, announced the participation of several guest poets from abroad, both in person and online. He said the event is held to elevate poetry to the highest expression of feeling and thought in the symbolic richness of a language and culture, which he assures will be at the service of the best and most authentic values of humanity and civilization.<\/p>\n\n\n\n<p>Jos\u00e9 Enrique Delmonte, executive director of the festival, said that guest poets are coming from Mexico, Venezuela, Chile, Colombia, Argentina, Peru, Honduras, Spain, Italy, France and China.<\/p>\n\n\n\n<p>The festival is sponsored by the Corripio Foundation, the Universidad Aut\u00f3noma de Santo Domingo and the Espacios Culturales Foundation, among other entities.<\/p>\n\n\n\n<p>Read more in Spanish:<br><a href=\"https:\/\/hoy.com.do\/anuncian-xi-semana-internacional-de-la-poesia\/\">Hoy <\/a><br><a href=\"https:\/\/www.facebook.com\/semanaintdelapoesiaSD\/\">Facebook <\/a><\/p>\n\n\n\n<p>12 October 2022<\/p>\n","protected":false},"excerpt":{"rendered":"<p>The Ministry of Culture announces the celebration of the 11th International Week of Poetry. The event is scheduled for 20-26 October 2022. This year it is dedicated to poets Mariano Lebr\u00f3n Savi\u00f1\u00f3n and Antonio Fern\u00e1ndez Spencer. Culture Minister Milagros German made the announcement at the Manual Rueda auditorium in the National Music Conservatory. She highlighted &hellip; <\/p>\n<p class=\"link-more\"><a href=\"https:\/\/dr1.com\/news\/2022\/10\/12\/international-poetry-week-2022\/\" class=\"more-link\">Read more\u2026<\/a><\/p>\n","protected":false},"author":2,"featured_media":0,"comment_status":"closed","ping_status":"closed","sticky":false,"template":"","format":"standard","meta":[],"categories":[293,3],"tags":[],"_links":{"self":[{"href":"https:\/\/dr1.com\/news\/wp-json\/wp\/v2\/posts\/187596"}],"collection":[{"href":"https:\/\/dr1.com\/news\/wp-json\/wp\/v2\/posts"}],"about":[{"href":"https:\/\/dr1.com\/news\/wp-json\/wp\/v2\/types\/post"}],"author":[{"embeddable":true,"href":"https:\/\/dr1.com\/news\/wp-json\/wp\/v2\/users\/2"}],"replies":[{"embeddable":true,"href":"https:\/\/dr1.com\/news\/wp-json\/wp\/v2\/comments?post=187596"}],"version-history":[{"count":4,"href":"https:\/\/dr1.com\/news\/wp-json\/wp\/v2\/posts\/187596\/revisions"}],"predecessor-version":[{"id":187657,"href":"https:\/\/dr1.com\/news\/wp-json\/wp\/v2\/posts\/187596\/revisions\/187657"}],"wp:attachment":[{"href":"https:\/\/dr1.com\/news\/wp-json\/wp\/v2\/media?parent=187596"}],"wp:term":[{"taxonomy":"category","embeddable":true,"href":"https:\/\/dr1.com\/news\/wp-json\/wp\/v2\/categories?post=187596"},{"taxonomy":"post_tag","embeddable":true,"href":"https:\/\/dr1.com\/news\/wp-json\/wp\/v2\/tags?post=187596"}],"curies":[{"name":"wp","href":"https:\/\/api.w.org\/{rel}","templated":true}]}}