{"id":196017,"date":"2023-03-30T09:03:54","date_gmt":"2023-03-30T13:03:54","guid":{"rendered":"https:\/\/dr1.com\/news\/?p=196017"},"modified":"2023-03-30T09:25:34","modified_gmt":"2023-03-30T13:25:34","slug":"vice-president-to-travel-to-japan-and-south-korea-on-official-visit","status":"publish","type":"post","link":"https:\/\/dr1.com\/news\/2023\/03\/30\/vice-president-to-travel-to-japan-and-south-korea-on-official-visit\/","title":{"rendered":"Vice President to travel to Japan and South Korea on official visit"},"content":{"rendered":"\n<div class=\"wp-block-image\"><figure class=\"aligncenter size-large is-resized\"><img src=\"https:\/\/dr1.com\/news\/wp-content\/uploads\/2022\/03\/Raquel-Pena-Presidencia-1024x576.jpg\" alt=\"\" class=\"wp-image-174686\" width=\"600\"\/><\/figure><\/div>\n\n\n\n<p>Vice President Raquel Pe\u00f1a will travel on an official visit to Japan and South Korea. Earlier the Presidency had announced President Abinader would visit South Korea in April. Likewise, the Embassy of Japan had issued a press release regarding an official visit of President Abinader to Tokyo in April.<\/p>\n\n\n\n<p>The Presidency reports the mission to Japan is also made up by Industry &amp; Commerce Minister V\u00edctor Bison\u00f3; Economy Minister P\u00e1vel Isa; Robert Takata, Ambassador of the Dominican Republic to Japan; Ambassador of the DR in Korea, Federico Cuello; and Miguel N\u00fa\u00f1ez, Ambassador-at-Large are other members of the official mission to the activities planned in Japan and South Korea.<\/p>\n\n\n\n<p>In Japan, the Vice President will hold meetings with the diaspora. A visit to Hiroshima Prefecture, academic and cooperation dialogues, bilateral diplomatic and business meetings are planned.<\/p>\n\n\n\n<p>In South Korea, the Vice President has a three-day official agenda that includes meetings at the government and business levels. The agenda has not yet been announced. <\/p>\n\n\n\n<p>The Vice President leaves 31 March and returns 8 April for her official trip to Asia.<\/p>\n\n\n\n<p>Read more in Spanish:<br><a href=\"https:\/\/presidencia.gob.do\/noticias\/vicepresidenta-raquel-pena-viajara-japon-y-corea-del-sur-desarrollar-agenda-oficial\">Presidency <\/a><\/p>\n\n\n\n<p>30 March 2023<\/p>\n","protected":false},"excerpt":{"rendered":"<p>Vice President Raquel Pe\u00f1a will travel on an official visit to Japan and South Korea. Earlier the Presidency had announced President Abinader would visit South Korea in April. Likewise, the Embassy of Japan had issued a press release regarding an official visit of President Abinader to Tokyo in April. The Presidency reports the mission to &hellip; <\/p>\n<p class=\"link-more\"><a href=\"https:\/\/dr1.com\/news\/2023\/03\/30\/vice-president-to-travel-to-japan-and-south-korea-on-official-visit\/\" class=\"more-link\">Read more\u2026<\/a><\/p>\n","protected":false},"author":2,"featured_media":0,"comment_status":"closed","ping_status":"closed","sticky":false,"template":"","format":"standard","meta":[],"categories":[319,3],"tags":[],"_links":{"self":[{"href":"https:\/\/dr1.com\/news\/wp-json\/wp\/v2\/posts\/196017"}],"collection":[{"href":"https:\/\/dr1.com\/news\/wp-json\/wp\/v2\/posts"}],"about":[{"href":"https:\/\/dr1.com\/news\/wp-json\/wp\/v2\/types\/post"}],"author":[{"embeddable":true,"href":"https:\/\/dr1.com\/news\/wp-json\/wp\/v2\/users\/2"}],"replies":[{"embeddable":true,"href":"https:\/\/dr1.com\/news\/wp-json\/wp\/v2\/comments?post=196017"}],"version-history":[{"count":4,"href":"https:\/\/dr1.com\/news\/wp-json\/wp\/v2\/posts\/196017\/revisions"}],"predecessor-version":[{"id":196047,"href":"https:\/\/dr1.com\/news\/wp-json\/wp\/v2\/posts\/196017\/revisions\/196047"}],"wp:attachment":[{"href":"https:\/\/dr1.com\/news\/wp-json\/wp\/v2\/media?parent=196017"}],"wp:term":[{"taxonomy":"category","embeddable":true,"href":"https:\/\/dr1.com\/news\/wp-json\/wp\/v2\/categories?post=196017"},{"taxonomy":"post_tag","embeddable":true,"href":"https:\/\/dr1.com\/news\/wp-json\/wp\/v2\/tags?post=196017"}],"curies":[{"name":"wp","href":"https:\/\/api.w.org\/{rel}","templated":true}]}}