{"id":198957,"date":"2023-06-01T08:21:17","date_gmt":"2023-06-01T12:21:17","guid":{"rendered":"https:\/\/dr1.com\/news\/?p=198957"},"modified":"2023-06-01T09:15:32","modified_gmt":"2023-06-01T13:15:32","slug":"president-travels-to-oil-rich-guyana-with-large-business-mission","status":"publish","type":"post","link":"https:\/\/dr1.com\/news\/2023\/06\/01\/president-travels-to-oil-rich-guyana-with-large-business-mission\/","title":{"rendered":"President travels to oil-rich Guyana with large business mission"},"content":{"rendered":"\n<div class=\"wp-block-image\"><figure class=\"aligncenter size-large is-resized\"><img src=\"https:\/\/dr1.com\/news\/wp-content\/uploads\/2023\/05\/Luis-Abinader-viaja-Presidencia-1024x624.png\" alt=\"\" class=\"wp-image-197352\" width=\"600\"\/><\/figure><\/div>\n\n\n\n<p>President Luis Abinader and a large business mission travel to Georgetown, Guyana on Thursday, 1 June for bilateral meetings and the inauguration of new offices for the Dominican Embassy iat the Pegasus Corporate Center in Georgetown, Guyana. The DR has had diplomatic ties with Guyana since 1970.<\/p>\n\n\n\n<p>Just on Wednesday, 31 May 2023 the President of Guyana Mohamed Irfaan Ali received the credentials of Dominican ambassador to Guyana Ernesto Torres Pereyra. Torres Pereyra had been Dominican ambassador to Israel since 2020. He is a graduate from the UNPHU in law and a professional diplomat with a career of more than 30 years.<\/p>\n\n\n\n<p>President Irfaan Ali is a promoter of strengthening integration with South America. He receives President Abinader right after returning from a trip to Brazil where he participated in efforts to revive the Union of South American Nations (Unasur).<\/p>\n\n\n\n<p>On President Abinader\u2019s agenda for the two-day visit is a meeting with President Mohamed Irfaan Ali and the Prime Minister, Mark Anthony Phillips. Phillips has a masters in public sector from the Pontificia Universidad Catolica Madre y Maestra.<\/p>\n\n\n\n<p>President Abinader has also scheduled a meeting with the Secretary General of the Caribbean Community, Carla Barnett, at the Caribbean Community (Caricom) headquarters in Guyana. President Ali of Guyana has the role of lead head of state in the Caricom quasi-cabinet. Ali understands that closer relationships between the Caribbean and South American countries could prove beneficial.<\/p>\n\n\n\n<p>After the inauguration of the new Dominican Embassy facilities at the Pegasus Corporate Center in Georgetown, President Abinader and the Dominican mission will participate in a dinner hosted by the President of Guyana, Mohamed Irfaan Ali at the Government House.<\/p>\n\n\n\n<p>The President of Guyana has stated: \u201cWe are working on building stronger partnerships, looking at expanding agro-processing, manufacturing and value-added\u2026looking at research and development, looking at building out our scientific capability.\u201d<\/p>\n\n\n\n<p>President and the Dominican mission are scheduled to return to the DR on Friday morning.<\/p>\n\n\n\n<p>Noticias SIN reports that among the government and business people traveling with the President are:<br>Celso J. Marranzini, president of the National Council of Private Enterprise (Conep) 2.<br>David Llibre, president of the Association of Hotels and Tourism of the Dominican Republic (Asonahores).<br>Julio Virgilio Brache, president of the Association of Industries of the Dominican Republic (AIRD).<br>Elizabeth Mena, president of the Dominican Association of Exporters (Adoexpo).<br>Mario Lama Hach\u00e9, president of the National Organization of Commercial Companies (ONEC).<br>Annerys Mel\u00e9ndez, president of the Dominican Association of Home Builders and Promoters (Acoprovi).<br>Jorge Subero Medina, president of the Dominican Association of Tourism Real Estate Companies (Asociaci\u00f3n Dominicana de Empresas Tur\u00edsticas Inmobiliarias).<br>Ra\u00fal N. Rizek Rueda, president of the Dominican Chamber of Construction (CADOCON).<br>Euri And\u00fajar, president of the Asociaci\u00f3n Nacional de Empresas e Industrias Herrera (ANEIH).<br>Luis Bonilla, President of the Board of Directors of the Dominican Agribusiness Board (Junta Agroempresarial Dominicana, JAD).<br>Wilfredo Cabrera, president of the National Confederation of Agricultural Producers (Confenagro).<br>Eric Rivero , vice-president of the National Confederation of Agricultural Producers (Confenagro).<br>Jos\u00e9 Hazim Torres, president Dominican Association of University Rectors (ADRU).<br>Jos\u00e9 Alejandro Aybar, president of the Dominican Association of Universities (ADOU).<br>Rodolfo Fuertes, representative of the National Supermarket Association (NSA).<br>Rolando Gonz\u00e1lez Bunster, president of the Punta Cana Macao Energy Consortium.<br>Aguie Lend, executive director of the Dominican Association of Rum Producers.<br>Osvaldo Radham\u00e9s Rodr\u00edguez, president of the Dominican Association of Cigars and Tobacco (Adocitab).<br>Businessman Miguel Lama, representing the Asociaci\u00f3n Desarrollo Incorporado (APEDI).<br>Luis Viyella, executive vice-president of Fertilizantes Santo Domingo (Fersan).<br>Manuel Estrella, president of Grupo Estrella.<br>Rafael Alberto Smith, director of operations of the Punta Cana International Airport.<br>Carlos Iglesias, president of the Dominican Federation of Chambers of Commerce (Fedecamaras).<br>From the Commonwealth Countries Round Table in the Dominican Republic, president Fernando Gonz\u00e1lez Nicol\u00e1s, and project director, Edmundo Gil.<br>Carlos Mart\u00ed Besonias, president of the Mart\u00ed Council.<br>Antonio Ramos, executive vice-president of the Chamber of Commerce and Production of Santo Domingo (CCPSD).<br>Erik Alma, president of Haina International Terminals.<\/p>\n\n\n\n<p>Read more:<br><a href=\"https:\/\/presidencia.gob.do\/noticias\/presidente-abinader-comitiva-oficial-y-empresarial-realizan-este-jueves-historico-viaje\">Presidency <\/a><br><a href=\"https:\/\/noticiassin.com\/pais\/quienes-son-los-empresarios-que-formaran-parte-de-la-comitiva-que-ira-guyana-con-abinader-1431969\/\">Noticias SIN <\/a><br><a href=\"https:\/\/newsroom.gy\/2023\/05\/31\/as-south-america-grapples-with-big-problems-guyana-backs-closer-relationships\/\">Newsroom Guyana <\/a><br><a href=\"https:\/\/caribbean.loopnews.com\/content\/pres-ali-travel-uk-brazil-china-dom-rep-trade-talks\">Loopnews <\/a><\/p>\n\n\n\n<p>1 June 2023<\/p>\n","protected":false},"excerpt":{"rendered":"<p>President Luis Abinader and a large business mission travel to Georgetown, Guyana on Thursday, 1 June for bilateral meetings and the inauguration of new offices for the Dominican Embassy iat the Pegasus Corporate Center in Georgetown, Guyana. The DR has had diplomatic ties with Guyana since 1970. Just on Wednesday, 31 May 2023 the President &hellip; <\/p>\n<p class=\"link-more\"><a href=\"https:\/\/dr1.com\/news\/2023\/06\/01\/president-travels-to-oil-rich-guyana-with-large-business-mission\/\" class=\"more-link\">Read more\u2026<\/a><\/p>\n","protected":false},"author":2,"featured_media":0,"comment_status":"closed","ping_status":"closed","sticky":false,"template":"","format":"standard","meta":[],"categories":[319,3],"tags":[],"_links":{"self":[{"href":"https:\/\/dr1.com\/news\/wp-json\/wp\/v2\/posts\/198957"}],"collection":[{"href":"https:\/\/dr1.com\/news\/wp-json\/wp\/v2\/posts"}],"about":[{"href":"https:\/\/dr1.com\/news\/wp-json\/wp\/v2\/types\/post"}],"author":[{"embeddable":true,"href":"https:\/\/dr1.com\/news\/wp-json\/wp\/v2\/users\/2"}],"replies":[{"embeddable":true,"href":"https:\/\/dr1.com\/news\/wp-json\/wp\/v2\/comments?post=198957"}],"version-history":[{"count":3,"href":"https:\/\/dr1.com\/news\/wp-json\/wp\/v2\/posts\/198957\/revisions"}],"predecessor-version":[{"id":198991,"href":"https:\/\/dr1.com\/news\/wp-json\/wp\/v2\/posts\/198957\/revisions\/198991"}],"wp:attachment":[{"href":"https:\/\/dr1.com\/news\/wp-json\/wp\/v2\/media?parent=198957"}],"wp:term":[{"taxonomy":"category","embeddable":true,"href":"https:\/\/dr1.com\/news\/wp-json\/wp\/v2\/categories?post=198957"},{"taxonomy":"post_tag","embeddable":true,"href":"https:\/\/dr1.com\/news\/wp-json\/wp\/v2\/tags?post=198957"}],"curies":[{"name":"wp","href":"https:\/\/api.w.org\/{rel}","templated":true}]}}