{"id":204759,"date":"2023-10-09T08:24:55","date_gmt":"2023-10-09T12:24:55","guid":{"rendered":"https:\/\/dr1.com\/news\/?p=204759"},"modified":"2023-10-09T08:57:35","modified_gmt":"2023-10-09T12:57:35","slug":"vice-president-in-spain-at-the-end-of-india-and-spain-trip","status":"publish","type":"post","link":"https:\/\/dr1.com\/news\/2023\/10\/09\/vice-president-in-spain-at-the-end-of-india-and-spain-trip\/","title":{"rendered":"Vice President in Spain at the end of India and Spain trip"},"content":{"rendered":"\n<div class=\"wp-block-image\"><figure class=\"aligncenter size-large is-resized\"><img src=\"https:\/\/dr1.com\/news\/wp-content\/uploads\/2023\/10\/Raquel-Pen\u0303a-Espan\u0303a-Hispanidad-2023-El-Caribe-1024x674.png\" alt=\"\" class=\"wp-image-204722\" width=\"600\" srcset=\"https:\/\/dr1.com\/news\/wp-content\/uploads\/2023\/10\/Raquel-Pen\u0303a-Espan\u0303a-Hispanidad-2023-El-Caribe-1024x674.png 1024w, https:\/\/dr1.com\/news\/wp-content\/uploads\/2023\/10\/Raquel-Pen\u0303a-Espan\u0303a-Hispanidad-2023-El-Caribe-300x198.png 300w, https:\/\/dr1.com\/news\/wp-content\/uploads\/2023\/10\/Raquel-Pen\u0303a-Espan\u0303a-Hispanidad-2023-El-Caribe-768x506.png 768w, https:\/\/dr1.com\/news\/wp-content\/uploads\/2023\/10\/Raquel-Pen\u0303a-Espan\u0303a-Hispanidad-2023-El-Caribe-1536x1011.png 1536w, https:\/\/dr1.com\/news\/wp-content\/uploads\/2023\/10\/Raquel-Pen\u0303a-Espan\u0303a-Hispanidad-2023-El-Caribe.png 2044w\" sizes=\"(max-width: 706px) 89vw, (max-width: 767px) 82vw, 740px\" \/><\/figure><\/div>\n\n\n\n<p>Vice President Raquel Pe\u00f1a made a stopover in Spain before returning to the Dominican Republic after her official visit to India this past week. In Madrid, she visited the exhibition \u201cReflections of the Caribbean,\u201d organized by the Dominican Embassy at the art gallery of the AN-A Foundation. The exhibits were of eight Dominican artists who reside in Madrid &#8212; Aronis Ramos, Jeannette Alfau, Manolo Romero, Erickdony Turb\u00ed, Dahiana Blanco, Luis N\u00fa\u00f1ez, Waner Noboa, Ta\u00edna Almod\u00f3var and Carlos Segura.<\/p>\n\n\n\n<p>Dominican ambassador to Spain Juan Bol\u00edvar D\u00edaz was the host. The ambassador highlighted the Embassy&#8217;s commitment to collaborate with the Dominican community residing in Spain. He spoke of the dedication and excellence of the artists participating in the exhibition and the importance of the dissemination of Dominican art beyond national borders.<\/p>\n\n\n\n<p>The activity was one of the many that are part of Hispanic Heritage Week 2023, this year dedicated to the Dominican Republic as a guest country.<\/p>\n\n\n\n<p>Other events of Hispanic Heritage Week were cooking shows, organized by the Community of Madrid, in various municipal markets.<\/p>\n\n\n\n<p>At the event, Vice President Pe\u00f1a spoke of how events like these serve to strengthen the ties of love, friendship and brotherhood, which have existed for many years and have remained alive because the current generations have continued to cultivate them, precisely through areas as rich and valuable as gastronomy.<\/p>\n\n\n\n<p>Dominican chef Omar Martin showed how to prepare a plantain mang\u00fa in the presence of the Vice President of this country and high-ranking municipal officers of Madrid.<\/p>\n\n\n\n<p>The Vice President was present to witness the Hispanic Parade in Madrid.<\/p>\n\n\n\n<p>She also took time at the end of her schedule to meet ruling party politicians in Spain. The expat vote is important in the 2024 presidential election. <\/p>\n\n\n\n<p>Read more in Spanish:<br><a href=\"https:\/\/www.elcaribe.com.do\/panorama\/pais\/vicepresidenta-concluye-agenda-en-espana-y-retorna-a-santo-domingo\/\">El Caribe <\/a><\/p>\n\n\n\n<p>9 October 2023<\/p>\n","protected":false},"excerpt":{"rendered":"<p>Vice President Raquel Pe\u00f1a made a stopover in Spain before returning to the Dominican Republic after her official visit to India this past week. In Madrid, she visited the exhibition \u201cReflections of the Caribbean,\u201d organized by the Dominican Embassy at the art gallery of the AN-A Foundation. The exhibits were of eight Dominican artists who &hellip; <\/p>\n<p class=\"link-more\"><a href=\"https:\/\/dr1.com\/news\/2023\/10\/09\/vice-president-in-spain-at-the-end-of-india-and-spain-trip\/\" class=\"more-link\">Read more\u2026<\/a><\/p>\n","protected":false},"author":2,"featured_media":0,"comment_status":"closed","ping_status":"closed","sticky":false,"template":"","format":"standard","meta":[],"categories":[319,3],"tags":[],"_links":{"self":[{"href":"https:\/\/dr1.com\/news\/wp-json\/wp\/v2\/posts\/204759"}],"collection":[{"href":"https:\/\/dr1.com\/news\/wp-json\/wp\/v2\/posts"}],"about":[{"href":"https:\/\/dr1.com\/news\/wp-json\/wp\/v2\/types\/post"}],"author":[{"embeddable":true,"href":"https:\/\/dr1.com\/news\/wp-json\/wp\/v2\/users\/2"}],"replies":[{"embeddable":true,"href":"https:\/\/dr1.com\/news\/wp-json\/wp\/v2\/comments?post=204759"}],"version-history":[{"count":4,"href":"https:\/\/dr1.com\/news\/wp-json\/wp\/v2\/posts\/204759\/revisions"}],"predecessor-version":[{"id":204809,"href":"https:\/\/dr1.com\/news\/wp-json\/wp\/v2\/posts\/204759\/revisions\/204809"}],"wp:attachment":[{"href":"https:\/\/dr1.com\/news\/wp-json\/wp\/v2\/media?parent=204759"}],"wp:term":[{"taxonomy":"category","embeddable":true,"href":"https:\/\/dr1.com\/news\/wp-json\/wp\/v2\/categories?post=204759"},{"taxonomy":"post_tag","embeddable":true,"href":"https:\/\/dr1.com\/news\/wp-json\/wp\/v2\/tags?post=204759"}],"curies":[{"name":"wp","href":"https:\/\/api.w.org\/{rel}","templated":true}]}}