{"id":206573,"date":"2023-11-13T08:37:04","date_gmt":"2023-11-13T12:37:04","guid":{"rendered":"https:\/\/dr1.com\/news\/?p=206573"},"modified":"2023-11-13T09:46:14","modified_gmt":"2023-11-13T13:46:14","slug":"dr-history-book-fair-from-13-17-november-2023-at-the-agn","status":"publish","type":"post","link":"https:\/\/dr1.com\/news\/2023\/11\/13\/dr-history-book-fair-from-13-17-november-2023-at-the-agn\/","title":{"rendered":"DR History Book Fair from 13-17 November 2023 at the AGN"},"content":{"rendered":"\n<div class=\"wp-block-image\"><figure class=\"aligncenter size-large is-resized\"><img src=\"https:\/\/dr1.com\/news\/wp-content\/uploads\/2023\/11\/10-Feria-Libro-Historico-AGN-1024x400.jpeg\" alt=\"\" class=\"wp-image-206662\" width=\"600\" srcset=\"https:\/\/dr1.com\/news\/wp-content\/uploads\/2023\/11\/10-Feria-Libro-Historico-AGN-1024x400.jpeg 1024w, https:\/\/dr1.com\/news\/wp-content\/uploads\/2023\/11\/10-Feria-Libro-Historico-AGN-300x117.jpeg 300w, https:\/\/dr1.com\/news\/wp-content\/uploads\/2023\/11\/10-Feria-Libro-Historico-AGN-768x300.jpeg 768w, https:\/\/dr1.com\/news\/wp-content\/uploads\/2023\/11\/10-Feria-Libro-Historico-AGN-1536x600.jpeg 1536w, https:\/\/dr1.com\/news\/wp-content\/uploads\/2023\/11\/10-Feria-Libro-Historico-AGN-2048x799.jpeg 2048w\" sizes=\"(max-width: 706px) 89vw, (max-width: 767px) 82vw, 740px\" \/><\/figure><\/div>\n\n\n\n<p>The General Archives of the Nation announces the hosting of the 10th Dominican History Book Fair on Monday, 13 November through 17 November 2023 at their facilities in the Ciudad Universitaria.<br>The central theme of the conclave is \u201cFrancisco Alberto Caama\u00f1o De\u00f1\u00f3: 50 Years of Playa Caracoles.\u201d Colonel Francisco Alberto Caama\u00f1o was the leader of the April 1965 civil war that sought to restore the presidency of former President Juan Bosch.<\/p>\n\n\n\n<p>The fair will also pay tribute to Claudio Caama\u00f1o Grull\u00f3n, Hamlet Hermann, Toribio Pe\u00f1a J\u00e1quez, Juan Ram\u00f3n Payero Ulloa, Mario Nelson Gal\u00e1n Dur\u00e1n, Alfredo P\u00e9rez Vargas, Eberto Lalane Jos\u00e9 and Ram\u00f3n Euclides Holgu\u00edn Marte, members of the guerrilla group that landed alongside Caama\u00f1o, in Paya Caracoles, on 2 February 1973.<\/p>\n\n\n\n<p>During the Book Fair, Caama\u00f1o&#8217;s diary and two other volumes will be put into circulation. In it are letters and documents in which the guerrilla leader and former constitutional President of the Republic analyzes political and military situations.<\/p>\n\n\n\n<p>Roberto Cass\u00e1, director of the General Archives of the Nation, said that these works are \u201cone of the most relevant bibliographical contributions that make it possible to answer the questions that remained floating in the collective imagination about what happened in the five years of preparations for the project that materialized with the landing on 2 February 1973.\u201d<\/p>\n\n\n\n<p>The first volume corresponds to the diary that Caama\u00f1o kept after moving to Cuba until before returning to the DR in January 1973.<\/p>\n\n\n\n<p>The second brings together the correspondence he had with people and political groups and the third includes a variety of documents in which Caama\u00f1o focuses his attention on problems and situations of both a political and military nature.<\/p>\n\n\n\n<p>The exhibition includes presentations of new publications, lecture series, workshops, panels, screenings of documentaries, among other attractions.<\/p>\n\n\n\n<p>All of these activities will be open to the general public and free of charge. Cassa explains the purpose is to encourage people to read history. He says it places the knowledge now stored in the National Archives  in the hands of all Dominicans.<\/p>\n\n\n\n<p>The Fair program also includes the in-person sale of books with the participation of more than 30 bookstores, authors and publishing houses.<\/p>\n\n\n\n<p>Read more in Spanish:<br><a href=\"https:\/\/agn.gob.do\/\">10th Dominican History Book Fair <\/a><br><a href=\"https:\/\/elnacional.com.do\/inicia-este-lunes-feria-del-libro-de-la-historia-de-rd\/\">El Nacional <\/a><br><a href=\"http:\/\/consulta.agn.gob.do\/FLHD\/\">AGN <\/a><\/p>\n\n\n\n<p>13 November 2023<\/p>\n","protected":false},"excerpt":{"rendered":"<p>The General Archives of the Nation announces the hosting of the 10th Dominican History Book Fair on Monday, 13 November through 17 November 2023 at their facilities in the Ciudad Universitaria.The central theme of the conclave is \u201cFrancisco Alberto Caama\u00f1o De\u00f1\u00f3: 50 Years of Playa Caracoles.\u201d Colonel Francisco Alberto Caama\u00f1o was the leader of the &hellip; <\/p>\n<p class=\"link-more\"><a href=\"https:\/\/dr1.com\/news\/2023\/11\/13\/dr-history-book-fair-from-13-17-november-2023-at-the-agn\/\" class=\"more-link\">Read more\u2026<\/a><\/p>\n","protected":false},"author":2,"featured_media":0,"comment_status":"closed","ping_status":"closed","sticky":false,"template":"","format":"standard","meta":[],"categories":[319,3],"tags":[],"_links":{"self":[{"href":"https:\/\/dr1.com\/news\/wp-json\/wp\/v2\/posts\/206573"}],"collection":[{"href":"https:\/\/dr1.com\/news\/wp-json\/wp\/v2\/posts"}],"about":[{"href":"https:\/\/dr1.com\/news\/wp-json\/wp\/v2\/types\/post"}],"author":[{"embeddable":true,"href":"https:\/\/dr1.com\/news\/wp-json\/wp\/v2\/users\/2"}],"replies":[{"embeddable":true,"href":"https:\/\/dr1.com\/news\/wp-json\/wp\/v2\/comments?post=206573"}],"version-history":[{"count":8,"href":"https:\/\/dr1.com\/news\/wp-json\/wp\/v2\/posts\/206573\/revisions"}],"predecessor-version":[{"id":206663,"href":"https:\/\/dr1.com\/news\/wp-json\/wp\/v2\/posts\/206573\/revisions\/206663"}],"wp:attachment":[{"href":"https:\/\/dr1.com\/news\/wp-json\/wp\/v2\/media?parent=206573"}],"wp:term":[{"taxonomy":"category","embeddable":true,"href":"https:\/\/dr1.com\/news\/wp-json\/wp\/v2\/categories?post=206573"},{"taxonomy":"post_tag","embeddable":true,"href":"https:\/\/dr1.com\/news\/wp-json\/wp\/v2\/tags?post=206573"}],"curies":[{"name":"wp","href":"https:\/\/api.w.org\/{rel}","templated":true}]}}