{"id":208875,"date":"2024-01-03T06:38:43","date_gmt":"2024-01-03T10:38:43","guid":{"rendered":"https:\/\/dr1.com\/news\/?p=208875"},"modified":"2024-01-03T09:57:36","modified_gmt":"2024-01-03T13:57:36","slug":"update-on-accusations-against-wander-franco-for-inappropriate-behavior-regarding-minors","status":"publish","type":"post","link":"https:\/\/dr1.com\/news\/2024\/01\/03\/update-on-accusations-against-wander-franco-for-inappropriate-behavior-regarding-minors\/","title":{"rendered":"Update on accusations against Wander Franco for inappropriate behavior regarding minors"},"content":{"rendered":"\n<div class=\"wp-block-image\"><figure class=\"aligncenter size-large is-resized\"><img src=\"https:\/\/dr1.com\/news\/wp-content\/uploads\/2024\/01\/Wander-Franco-Diario-Libre-1024x672.png\" alt=\"\" class=\"wp-image-208988\" width=\"600\" srcset=\"https:\/\/dr1.com\/news\/wp-content\/uploads\/2024\/01\/Wander-Franco-Diario-Libre-1024x672.png 1024w, https:\/\/dr1.com\/news\/wp-content\/uploads\/2024\/01\/Wander-Franco-Diario-Libre-300x197.png 300w, https:\/\/dr1.com\/news\/wp-content\/uploads\/2024\/01\/Wander-Franco-Diario-Libre-768x504.png 768w, https:\/\/dr1.com\/news\/wp-content\/uploads\/2024\/01\/Wander-Franco-Diario-Libre.png 1396w\" sizes=\"(max-width: 706px) 89vw, (max-width: 767px) 82vw, 740px\" \/><figcaption>Wander Franco \/ Diario Libre<\/figcaption><\/figure><\/div>\n\n\n\n<p>Tampa Bay Rays shortstop Wander Franco was arrested on 1 January 2024 after appearing before prosecutors in Puerto Plata. He is investigated for inappropriate relationships with minors. He was arrested for not appearing at a previous summons on Thursday, 28 December 2023, made by the Specialized Prosecutor&#8217;s Office for Children and Adolescents as part of an inquiry into allegations that he had relationships with minor girls.<\/p>\n\n\n\n<p>ESPN reported last week that at least two people have &#8220;filed legal action&#8221; against Franco and that a third had accused him of improper behavior without yet seeking legal action. Dominican authorities and MLB have continued to investigate the allegations made against the baseball player.<\/p>\n\n\n\n<p>CBS Sports reported that Franco and his new attorneys Teodosio J\u00e1quez Encarnaci\u00f3n and Juan Francisco Rodr\u00edguez Consor\u00f3 met with prosecutors on Monday, 1 January 2024 in the morning to address those accusations. Dominican Republic laws stipulate that he&#8217;ll go before a judge within 48 hours, or sometime on Wednesday, 3 January 2024.<\/p>\n\n\n\n<p>Just hours before he was first scheduled to show in court on Thursday, 28 December 2023, Franco had dismissed his lawyers from the D\u00edaz Trueba firm as his representatives. These notified prosecutor Olga Din\u00e1 Llaver\u00edas that it would be impossible for them to represent the player before the judge and represent him in the investigative process.<\/p>\n\n\n\n<p>The Dominican Attorney General&#8217;s office has not yet filed a criminal charge against Franco.<\/p>\n\n\n\n<p>Interestingly, over the weekend, El Caribe reported that the prosecutor in the case, Olga Din\u00e1 Llaver\u00edas, is the wife of Audo Vicente, general manager of the Licey Tigers. Vicente denied speculations of involvement in the case. As reported in El Caribe, a source indicated that it was Audo Vicente who took the incriminating photos and uploaded them to social media, later meeting with the Wander Franco family to extort these for cash, as commented Pedro Jimenez on El Sol de la Ma\u00f1ana, talk show.<\/p>\n\n\n\n<p>Vicente called in to respond to the implication on the same talk show. &#8220;I don&#8217;t know Wander Franco (\u2026) nor do I deal with social media things,&#8221; said the baseball manager. He pointed out: &#8220;As my wife respects my work, I don&#8217;t ask her who she is investigating, either. I cannot say that Franco is guilty because I am neither a prosecutor nor a judge. I regret that a young man, a Dominican, has problems with the law.&#8221;<\/p>\n\n\n\n<p>Meanwhile, Franco is on the Tampa Bay Rays restricted list since 14 August 2023, after social media carried allegations that he had been involved in an inappropriate relationship with a minor received widespread attention. The National Agency for Boys, Girls, Adolescents and Family and Gender Violence Unit in the Dominican Republic opened an investigation later that week.<\/p>\n\n\n\n<p>State prosecutors have 48 hours to present evidence and petitions to the judge. This could result in preventive custody as the case is heard.<\/p>\n\n\n\n<p>Franco could lose his lucrative contract with the Tampa Bay Rays if found guilty of the charges.<\/p>\n\n\n\n<p>Read more:<br><a href=\"https:\/\/www.cbssports.com\/mlb\/news\/rays-wander-franco-arrested-after-appearing-before-prosecutors-in-dominican-republic-per-report\/\">CBS Sports <\/a><br><a href=\"https:\/\/www.espn.com\/mlb\/story\/_\/id\/39223376\/wander-franco-appears-prosecutor-dominican-republic\">ESPN <\/a><br><a href=\"https:\/\/www.tampabay.com\/sports\/rays\/2023\/12\/27\/wander-franco-dominican-republic-mlb-investigation\/\">Tampa Bay news <\/a><br><a href=\"https:\/\/edition.cnn.com\/2024\/01\/02\/sport\/wander-franco-mlb-player-arrested-dominican-republic-spt-intl\/index.html\">CNN <\/a><br><a href=\"https:\/\/www.diariolibre.com\/actualidad\/justicia\/2024\/01\/01\/pelotero-wander-franco-acude-ante-la-fiscalia-de-puerto-plata\/2565026\">Diario Libre <\/a><br><a href=\"https:\/\/hoy.com.do\/dejan-detenido-al-pelotero-wander-franco-en-puerto-plata\/\">Hoy <\/a><br><a href=\"https:\/\/www.elcaribe.com.do\/deportes\/audo-vicente-responde-supuesta-implicacion-en-el-caso-wander-franco\/\">El Caribe <\/a><br><a href=\"https:\/\/eldia.com.do\/pelotero-wander-franco-no-acude-ante-fiscal-para-casos-de-menores\/\">El Dia <\/a><br><a href=\"https:\/\/eldia.com.do\/el-viacrucis-de-wander-franco\/\">El Dia <\/a><br><a href=\"https:\/\/www.elcaribe.com.do\/deportes\/audo-vicente-responde-supuesta-implicacion-en-el-caso-wander-franco\/\">El Caribe <\/a><br><a href=\"https:\/\/www.elcaribe.com.do\/deportes\/lo-que-sigue-para-wander-franco-segun-procuraduria-de-menores\/\">El Caribe <\/a><br><a href=\"https:\/\/dr1.com\/news\/2023\/12\/28\/rays-star-shortstop-wander-franco-accused-of-inappropriate-relationship\/\">DR1 News <\/a><\/p>\n\n\n\n<p>3 January 2024<\/p>\n","protected":false},"excerpt":{"rendered":"<p>Tampa Bay Rays shortstop Wander Franco was arrested on 1 January 2024 after appearing before prosecutors in Puerto Plata. He is investigated for inappropriate relationships with minors. He was arrested for not appearing at a previous summons on Thursday, 28 December 2023, made by the Specialized Prosecutor&#8217;s Office for Children and Adolescents as part of &hellip; <\/p>\n<p class=\"link-more\"><a href=\"https:\/\/dr1.com\/news\/2024\/01\/03\/update-on-accusations-against-wander-franco-for-inappropriate-behavior-regarding-minors\/\" class=\"more-link\">Read more\u2026<\/a><\/p>\n","protected":false},"author":2,"featured_media":0,"comment_status":"closed","ping_status":"closed","sticky":false,"template":"","format":"standard","meta":[],"categories":[330,3],"tags":[],"_links":{"self":[{"href":"https:\/\/dr1.com\/news\/wp-json\/wp\/v2\/posts\/208875"}],"collection":[{"href":"https:\/\/dr1.com\/news\/wp-json\/wp\/v2\/posts"}],"about":[{"href":"https:\/\/dr1.com\/news\/wp-json\/wp\/v2\/types\/post"}],"author":[{"embeddable":true,"href":"https:\/\/dr1.com\/news\/wp-json\/wp\/v2\/users\/2"}],"replies":[{"embeddable":true,"href":"https:\/\/dr1.com\/news\/wp-json\/wp\/v2\/comments?post=208875"}],"version-history":[{"count":3,"href":"https:\/\/dr1.com\/news\/wp-json\/wp\/v2\/posts\/208875\/revisions"}],"predecessor-version":[{"id":208990,"href":"https:\/\/dr1.com\/news\/wp-json\/wp\/v2\/posts\/208875\/revisions\/208990"}],"wp:attachment":[{"href":"https:\/\/dr1.com\/news\/wp-json\/wp\/v2\/media?parent=208875"}],"wp:term":[{"taxonomy":"category","embeddable":true,"href":"https:\/\/dr1.com\/news\/wp-json\/wp\/v2\/categories?post=208875"},{"taxonomy":"post_tag","embeddable":true,"href":"https:\/\/dr1.com\/news\/wp-json\/wp\/v2\/tags?post=208875"}],"curies":[{"name":"wp","href":"https:\/\/api.w.org\/{rel}","templated":true}]}}