{"id":210993,"date":"2024-02-12T07:30:45","date_gmt":"2024-02-12T11:30:45","guid":{"rendered":"https:\/\/dr1.com\/news\/?p=210993"},"modified":"2024-02-12T08:30:21","modified_gmt":"2024-02-12T12:30:21","slug":"the-dominican-national-ballet-presents-ellas","status":"publish","type":"post","link":"https:\/\/dr1.com\/news\/2024\/02\/12\/the-dominican-national-ballet-presents-ellas\/","title":{"rendered":"The Dominican National Ballet presents Ellas"},"content":{"rendered":"\n<div class=\"wp-block-image\"><figure class=\"alignleft size-full\"><img loading=\"lazy\" width=\"300\" height=\"379\" src=\"https:\/\/dr1.com\/news\/wp-content\/uploads\/2024\/02\/Ballet-Nacional-Dominicano-Ellas-Diario-Libre-e1707741008740.png\" alt=\"\" class=\"wp-image-211070\"\/><\/figure><\/div>\n\n\n\n<p>The Ministry of Culture, the Fine Arts Agency (Direcci\u00f3n de Bellas Artes) and the Dominican Board for Dance announce the Dominican National Ballet will perform &#8220;Ellas&#8221; a production that highlights the many roles women play in Dominican society.<\/p>\n\n\n\n<p>The performances are scheduled for 29 February, and 1 and 2 March 2024 at the M\u00e1ximo Avil\u00e9s Blonda Hall of the Palace of Fine Arts on Av. M\u00e1ximo G\u00f3mez in Santo Domingo, with shows opening at 8:30pm. There will be earlier performances for students from public schools and dance schools.<\/p>\n\n\n\n<p>Lisbell Pietra is the choreographer. The performances include a section from Jules Perrot&#8217;s Giselle ballet and Jorge Garc\u00eda&#8217;s virtuoso choreography &#8220;Maj\u00edsimo.\u201d<\/p>\n\n\n\n<p>&#8220;We have designed a show where strength, empowerment, sensitivity, resilience and sound are manifested through the sublime language of ballet,\u201d says National Dominican Ballet director Stephanie Bauger in the press release announcing the ballet.<\/p>\n\n\n\n<p>One of the main objectives of our management is, precisely, to use ballet as a vehicle to empower women to face the challenges regarding equal opportunities, Bauger highlights in a press release on the upcoming performances.<\/p>\n\n\n\n<p>The gala also features the recognition of four outstanding Dominican women from the world of art and culture &#8212; Sarah Esteva, Nelia Barletta, Marilyn Gallardo and Maria Amalia Leon.<\/p>\n\n\n\n<p>Read more in Spanish:<br><a href=\"https:\/\/www.diariolibre.com\/revista\/cultura\/2024\/02\/09\/el-ballet-nacional-dominicano-pondra-en-escena-ellas\/2609537\">Diario Libre <\/a><\/p>\n\n\n\n<p>12 February 2024<\/p>\n","protected":false},"excerpt":{"rendered":"<p>The Ministry of Culture, the Fine Arts Agency (Direcci\u00f3n de Bellas Artes) and the Dominican Board for Dance announce the Dominican National Ballet will perform &#8220;Ellas&#8221; a production that highlights the many roles women play in Dominican society. The performances are scheduled for 29 February, and 1 and 2 March 2024 at the M\u00e1ximo Avil\u00e9s &hellip; <\/p>\n<p class=\"link-more\"><a href=\"https:\/\/dr1.com\/news\/2024\/02\/12\/the-dominican-national-ballet-presents-ellas\/\" class=\"more-link\">Read more\u2026<\/a><\/p>\n","protected":false},"author":2,"featured_media":0,"comment_status":"closed","ping_status":"closed","sticky":false,"template":"","format":"standard","meta":[],"categories":[330,3],"tags":[],"_links":{"self":[{"href":"https:\/\/dr1.com\/news\/wp-json\/wp\/v2\/posts\/210993"}],"collection":[{"href":"https:\/\/dr1.com\/news\/wp-json\/wp\/v2\/posts"}],"about":[{"href":"https:\/\/dr1.com\/news\/wp-json\/wp\/v2\/types\/post"}],"author":[{"embeddable":true,"href":"https:\/\/dr1.com\/news\/wp-json\/wp\/v2\/users\/2"}],"replies":[{"embeddable":true,"href":"https:\/\/dr1.com\/news\/wp-json\/wp\/v2\/comments?post=210993"}],"version-history":[{"count":5,"href":"https:\/\/dr1.com\/news\/wp-json\/wp\/v2\/posts\/210993\/revisions"}],"predecessor-version":[{"id":211072,"href":"https:\/\/dr1.com\/news\/wp-json\/wp\/v2\/posts\/210993\/revisions\/211072"}],"wp:attachment":[{"href":"https:\/\/dr1.com\/news\/wp-json\/wp\/v2\/media?parent=210993"}],"wp:term":[{"taxonomy":"category","embeddable":true,"href":"https:\/\/dr1.com\/news\/wp-json\/wp\/v2\/categories?post=210993"},{"taxonomy":"post_tag","embeddable":true,"href":"https:\/\/dr1.com\/news\/wp-json\/wp\/v2\/tags?post=210993"}],"curies":[{"name":"wp","href":"https:\/\/api.w.org\/{rel}","templated":true}]}}