{"id":211689,"date":"2024-02-22T05:45:55","date_gmt":"2024-02-22T09:45:55","guid":{"rendered":"https:\/\/dr1.com\/news\/?p=211689"},"modified":"2024-02-22T08:14:14","modified_gmt":"2024-02-22T12:14:14","slug":"the-dominican-team-in-the-fiba-americup-qualifier","status":"publish","type":"post","link":"https:\/\/dr1.com\/news\/2024\/02\/22\/the-dominican-team-in-the-fiba-americup-qualifier\/","title":{"rendered":"The Dominican team in the FIBA AmeriCup Qualifier"},"content":{"rendered":"\n<div class=\"wp-block-image\"><figure class=\"aligncenter size-large is-resized\"><img src=\"https:\/\/dr1.com\/news\/wp-content\/uploads\/2024\/02\/David-Diaz-RAfael-Uribe-Fernando-Teruel-El-Dia-1024x710.png\" alt=\"\" class=\"wp-image-211793\" width=\"600\" srcset=\"https:\/\/dr1.com\/news\/wp-content\/uploads\/2024\/02\/David-Diaz-RAfael-Uribe-Fernando-Teruel-El-Dia-1024x710.png 1024w, https:\/\/dr1.com\/news\/wp-content\/uploads\/2024\/02\/David-Diaz-RAfael-Uribe-Fernando-Teruel-El-Dia-300x208.png 300w, https:\/\/dr1.com\/news\/wp-content\/uploads\/2024\/02\/David-Diaz-RAfael-Uribe-Fernando-Teruel-El-Dia-768x532.png 768w, https:\/\/dr1.com\/news\/wp-content\/uploads\/2024\/02\/David-Diaz-RAfael-Uribe-Fernando-Teruel-El-Dia.png 1212w\" sizes=\"(max-width: 706px) 89vw, (max-width: 767px) 82vw, 740px\" \/><\/figure><\/div>\n\n\n\n<p>Coach David Diaz of the Dominican national men&#8217;s basketball team announced the 12-member team that will face team Mexico at the start of the 2025 AmeriCup qualifiers in Santo Domingo.<\/p>\n\n\n\n<p>The Dominican squad will be led by captain V\u00edctor Liz, with players Juan Guerrero, \u00c1ngel Luis Delgado, Jean Montero, Luis Santos, Gelvis Solano, Andr\u00e9s F\u00e9liz, Omar Silverio, Jassel P\u00e9rez, Eloy Vargas, Juan Miguel Suero and Jonathan Ara\u00fajo.<\/p>\n\n\n\n<p>The team was presented on Wednesday, 21 February 2024. The team is preparing for the first match of the qualifier, set for Friday evening at the Virgilio Travieso Soto Sports Palace of the Juan Pablo Duarte Olympic Center. After the match here on 23 February, the team will travel to Mexico for a second game on Monday, 26 February at the Mexico City Arena.<\/p>\n\n\n\n<p>Read more:<br><a href=\"https:\/\/eldia.com.do\/david-diaz-anuncia-12-hombres-para-ventana-americup\/\">El Dia <\/a><br><a href=\"https:\/\/dr1.com\/news\/2024\/02\/21\/fiba-americup-2025-qualifier-game-in-santo-domingo\/\">DR1 News <\/a><\/p>\n\n\n\n<p>22 February 2024<\/p>\n","protected":false},"excerpt":{"rendered":"<p>Coach David Diaz of the Dominican national men&#8217;s basketball team announced the 12-member team that will face team Mexico at the start of the 2025 AmeriCup qualifiers in Santo Domingo. The Dominican squad will be led by captain V\u00edctor Liz, with players Juan Guerrero, \u00c1ngel Luis Delgado, Jean Montero, Luis Santos, Gelvis Solano, Andr\u00e9s F\u00e9liz, &hellip; <\/p>\n<p class=\"link-more\"><a href=\"https:\/\/dr1.com\/news\/2024\/02\/22\/the-dominican-team-in-the-fiba-americup-qualifier\/\" class=\"more-link\">Read more\u2026<\/a><\/p>\n","protected":false},"author":2,"featured_media":0,"comment_status":"closed","ping_status":"closed","sticky":false,"template":"","format":"standard","meta":[],"categories":[330,3],"tags":[],"_links":{"self":[{"href":"https:\/\/dr1.com\/news\/wp-json\/wp\/v2\/posts\/211689"}],"collection":[{"href":"https:\/\/dr1.com\/news\/wp-json\/wp\/v2\/posts"}],"about":[{"href":"https:\/\/dr1.com\/news\/wp-json\/wp\/v2\/types\/post"}],"author":[{"embeddable":true,"href":"https:\/\/dr1.com\/news\/wp-json\/wp\/v2\/users\/2"}],"replies":[{"embeddable":true,"href":"https:\/\/dr1.com\/news\/wp-json\/wp\/v2\/comments?post=211689"}],"version-history":[{"count":3,"href":"https:\/\/dr1.com\/news\/wp-json\/wp\/v2\/posts\/211689\/revisions"}],"predecessor-version":[{"id":211794,"href":"https:\/\/dr1.com\/news\/wp-json\/wp\/v2\/posts\/211689\/revisions\/211794"}],"wp:attachment":[{"href":"https:\/\/dr1.com\/news\/wp-json\/wp\/v2\/media?parent=211689"}],"wp:term":[{"taxonomy":"category","embeddable":true,"href":"https:\/\/dr1.com\/news\/wp-json\/wp\/v2\/categories?post=211689"},{"taxonomy":"post_tag","embeddable":true,"href":"https:\/\/dr1.com\/news\/wp-json\/wp\/v2\/tags?post=211689"}],"curies":[{"name":"wp","href":"https:\/\/api.w.org\/{rel}","templated":true}]}}