{"id":214688,"date":"2024-04-17T07:40:32","date_gmt":"2024-04-17T11:40:32","guid":{"rendered":"https:\/\/dr1.com\/news\/?p=214688"},"modified":"2024-04-17T08:21:39","modified_gmt":"2024-04-17T12:21:39","slug":"abinader-appoints-new-governors-for-azua-elias-pina-la-romana-and-san-juan","status":"publish","type":"post","link":"https:\/\/dr1.com\/news\/2024\/04\/17\/abinader-appoints-new-governors-for-azua-elias-pina-la-romana-and-san-juan\/","title":{"rendered":"Abinader appoints new governors for Azua, El\u00edas Pi\u00f1a, La Romana and San Juan"},"content":{"rendered":"\n<div class=\"wp-block-image\"><figure class=\"aligncenter size-large is-resized\"><img src=\"https:\/\/dr1.com\/news\/wp-content\/uploads\/2023\/02\/Palacio-Nacional-Presidencia-1024x573.png\" alt=\"\" class=\"wp-image-193714\" width=\"600\" srcset=\"https:\/\/dr1.com\/news\/wp-content\/uploads\/2023\/02\/Palacio-Nacional-Presidencia-1024x573.png 1024w, https:\/\/dr1.com\/news\/wp-content\/uploads\/2023\/02\/Palacio-Nacional-Presidencia-300x168.png 300w, https:\/\/dr1.com\/news\/wp-content\/uploads\/2023\/02\/Palacio-Nacional-Presidencia-768x430.png 768w, https:\/\/dr1.com\/news\/wp-content\/uploads\/2023\/02\/Palacio-Nacional-Presidencia-1536x859.png 1536w, https:\/\/dr1.com\/news\/wp-content\/uploads\/2023\/02\/Palacio-Nacional-Presidencia.png 1580w\" sizes=\"(max-width: 706px) 89vw, (max-width: 767px) 82vw, 740px\" \/><\/figure><\/div>\n\n\n\n<p>President Luis Abinader appointed four new governors for Azua, El\u00edas Pi\u00f1a, La Romana and San Juan de la Maguana. The governors represent the President in the provinces. <\/p>\n\n\n\n<p>They replace the governors who were elected to municipal positions in the 18 February 2024 election or are candidates for deputies in the 19 May 2024 election.<\/p>\n\n\n\n<p>The new governors are:<br>Azua: Mar\u00eda Minerva Navarro. She has a degree in education and was serving as the regional technician for the Ministry of Education.<\/p>\n\n\n\n<p>El\u00edas Pi\u00f1a: Lawyer Migdaly Antonia de los Santos Jim\u00e9nez had been serving as deputy mayor of El Llano.<\/p>\n\n\n\n<p>La Romana: Lawyer Ivelisse Mercedes M\u00e9ndez had been serving as mayor of Guaymate.<\/p>\n\n\n\n<p>San Juan de la Maguana: Lawyer Ana Mar\u00eda Castillo Mateo had been serving as lawyer of the San Juan de la Maguana Provincial Women\u2019s Agency, and councilor for the municipality of San Juan. She was also the coordinator of technical courses for Infotep.<\/p>\n\n\n\n<p>Read more in Spanish:<\/p>\n\n\n\n<p><a href=\"https:\/\/presidencia.gob.do\/noticias\/presidente-abinader-designa-cuatro-nuevas-gobernadoras-para-las-provincias-de-azua-elias\">Presidency<\/a><br><\/p>\n\n\n\n<p>17 April 2024<\/p>\n","protected":false},"excerpt":{"rendered":"<p>President Luis Abinader appointed four new governors for Azua, El\u00edas Pi\u00f1a, La Romana and San Juan de la Maguana. The governors represent the President in the provinces. They replace the governors who were elected to municipal positions in the 18 February 2024 election or are candidates for deputies in the 19 May 2024 election. The &hellip; <\/p>\n<p class=\"link-more\"><a href=\"https:\/\/dr1.com\/news\/2024\/04\/17\/abinader-appoints-new-governors-for-azua-elias-pina-la-romana-and-san-juan\/\" class=\"more-link\">Read more\u2026<\/a><\/p>\n","protected":false},"author":2,"featured_media":0,"comment_status":"closed","ping_status":"closed","sticky":false,"template":"","format":"standard","meta":[],"categories":[330,3],"tags":[],"_links":{"self":[{"href":"https:\/\/dr1.com\/news\/wp-json\/wp\/v2\/posts\/214688"}],"collection":[{"href":"https:\/\/dr1.com\/news\/wp-json\/wp\/v2\/posts"}],"about":[{"href":"https:\/\/dr1.com\/news\/wp-json\/wp\/v2\/types\/post"}],"author":[{"embeddable":true,"href":"https:\/\/dr1.com\/news\/wp-json\/wp\/v2\/users\/2"}],"replies":[{"embeddable":true,"href":"https:\/\/dr1.com\/news\/wp-json\/wp\/v2\/comments?post=214688"}],"version-history":[{"count":6,"href":"https:\/\/dr1.com\/news\/wp-json\/wp\/v2\/posts\/214688\/revisions"}],"predecessor-version":[{"id":214734,"href":"https:\/\/dr1.com\/news\/wp-json\/wp\/v2\/posts\/214688\/revisions\/214734"}],"wp:attachment":[{"href":"https:\/\/dr1.com\/news\/wp-json\/wp\/v2\/media?parent=214688"}],"wp:term":[{"taxonomy":"category","embeddable":true,"href":"https:\/\/dr1.com\/news\/wp-json\/wp\/v2\/categories?post=214688"},{"taxonomy":"post_tag","embeddable":true,"href":"https:\/\/dr1.com\/news\/wp-json\/wp\/v2\/tags?post=214688"}],"curies":[{"name":"wp","href":"https:\/\/api.w.org\/{rel}","templated":true}]}}