{"id":214828,"date":"2024-04-22T07:13:16","date_gmt":"2024-04-22T11:13:16","guid":{"rendered":"https:\/\/dr1.com\/news\/?p=214828"},"modified":"2024-04-22T15:21:39","modified_gmt":"2024-04-22T19:21:39","slug":"hearing-in-rape-of-14-year-old-minor-haitian-set-for-friday-26-april","status":"publish","type":"post","link":"https:\/\/dr1.com\/news\/2024\/04\/22\/hearing-in-rape-of-14-year-old-minor-haitian-set-for-friday-26-april\/","title":{"rendered":"Hearing in rape of 14-year old minor Haitian set for Friday, 26 April"},"content":{"rendered":"\n<div class=\"wp-block-image\"><figure class=\"aligncenter size-large is-resized\"><img src=\"https:\/\/dr1.com\/news\/wp-content\/uploads\/2023\/01\/Mazo-Justicia-Hoy-1024x574.png\" alt=\"\" class=\"wp-image-192695\" width=\"600\"\/><\/figure><\/div>\n\n\n\n<p>The preventive custody hearing against an Air Force recruit accused of raping a Haitian minor was postponed for Friday, 26 April 2024 in La Altagracia. The soldier is identified as Paulino de la Cruz, and he was one of 15 soldiers who accompanied immigration inspectors searching for undocumented immigrants in the community of Ver\u00f3n, where migrants mostly from Haiti have settled.<br>\u202c<br>The hearing was postponed to give time for an interview with the minor on Wednesday, 24 April.<\/p>\n\n\n\n<p>According to the Public Ministry file, De la Cruz entered the victim&#8217;s residence on 5 April 2024 and took advantage of the fact that the 14-year old was alone at home to commit the act.<\/p>\n\n\n\n<p>The investigation of the incident is headed by prosecutors Hendrich Ram\u00edrez, Silveria Poueriet, Ronny Mercedes and Roc\u00edo Garc\u00eda, who are following up on a complaint made by the mother of the minor. De la Cruz would be tried for violation of the articles 330 and 331 of the Dominican Penal Code on sexual rape.<\/p>\n\n\n\n<p>Paulino De la Cruz is an agent of the Dominican Air Force (FARD), assigned to the Migration Agency (DGM).<\/p>\n\n\n\n<p>The investigation began after the mother of the victim filed the complaint to the Prosecutor\u2019s Office for Victims of Gender, Domestic Violence and Sexual Crimes.<\/p>\n\n\n\n<p>Diario Libre shared details in the file on the first interviews with the victim and her mother.<\/p>\n\n\n\n<p>The soldier could be sentenced to 10 to 20 years in jail.<\/p>\n\n\n\n<p>Read more:<br><a href=\"https:\/\/eldia.com.do\/aplazan-audiencia-contra-militar-acusado-de-violar-a-menor\/\">El Dia <\/a><br><a href=\"https:\/\/www.diariolibre.com\/actualidad\/nacional\/2024\/04\/20\/el-caso-de-la-nina-de-14-anos-violada-por-un-militar\/2679451\">Diario Libre <\/a><\/p>\n\n\n\n<p><a href=\"https:\/\/hoy.com.do\/migracion-menor-violada-identifico-agresor\/\">Hoy<\/a><br><a href=\"https:\/\/www.foxnews.com\/world\/dominican-soldier-arrested-raping-14-year-old-haitian-girl-migrant-sweep\">Fox News <\/a><\/p>\n\n\n\n<p>22 April 2024<\/p>\n","protected":false},"excerpt":{"rendered":"<p>The preventive custody hearing against an Air Force recruit accused of raping a Haitian minor was postponed for Friday, 26 April 2024 in La Altagracia. The soldier is identified as Paulino de la Cruz, and he was one of 15 soldiers who accompanied immigration inspectors searching for undocumented immigrants in the community of Ver\u00f3n, where &hellip; <\/p>\n<p class=\"link-more\"><a href=\"https:\/\/dr1.com\/news\/2024\/04\/22\/hearing-in-rape-of-14-year-old-minor-haitian-set-for-friday-26-april\/\" class=\"more-link\">Read more\u2026<\/a><\/p>\n","protected":false},"author":2,"featured_media":0,"comment_status":"closed","ping_status":"closed","sticky":false,"template":"","format":"standard","meta":[],"categories":[330,3],"tags":[],"_links":{"self":[{"href":"https:\/\/dr1.com\/news\/wp-json\/wp\/v2\/posts\/214828"}],"collection":[{"href":"https:\/\/dr1.com\/news\/wp-json\/wp\/v2\/posts"}],"about":[{"href":"https:\/\/dr1.com\/news\/wp-json\/wp\/v2\/types\/post"}],"author":[{"embeddable":true,"href":"https:\/\/dr1.com\/news\/wp-json\/wp\/v2\/users\/2"}],"replies":[{"embeddable":true,"href":"https:\/\/dr1.com\/news\/wp-json\/wp\/v2\/comments?post=214828"}],"version-history":[{"count":5,"href":"https:\/\/dr1.com\/news\/wp-json\/wp\/v2\/posts\/214828\/revisions"}],"predecessor-version":[{"id":214913,"href":"https:\/\/dr1.com\/news\/wp-json\/wp\/v2\/posts\/214828\/revisions\/214913"}],"wp:attachment":[{"href":"https:\/\/dr1.com\/news\/wp-json\/wp\/v2\/media?parent=214828"}],"wp:term":[{"taxonomy":"category","embeddable":true,"href":"https:\/\/dr1.com\/news\/wp-json\/wp\/v2\/categories?post=214828"},{"taxonomy":"post_tag","embeddable":true,"href":"https:\/\/dr1.com\/news\/wp-json\/wp\/v2\/tags?post=214828"}],"curies":[{"name":"wp","href":"https:\/\/api.w.org\/{rel}","templated":true}]}}