{"id":214847,"date":"2024-04-22T07:31:15","date_gmt":"2024-04-22T11:31:15","guid":{"rendered":"https:\/\/dr1.com\/news\/?p=214847"},"modified":"2024-04-22T08:05:18","modified_gmt":"2024-04-22T12:05:18","slug":"hungary-and-dr-strengthen-ties-foreign-minister-visits","status":"publish","type":"post","link":"https:\/\/dr1.com\/news\/2024\/04\/22\/hungary-and-dr-strengthen-ties-foreign-minister-visits\/","title":{"rendered":"Hungary and DR strengthen ties; Foreign Minister visits"},"content":{"rendered":"\n<div class=\"wp-block-image\"><figure class=\"aligncenter size-large is-resized\"><img src=\"https:\/\/dr1.com\/news\/wp-content\/uploads\/2024\/04\/Republica-Dominicana-Hungria-visita-canciller-MIREX-1024x497.png\" alt=\"\" class=\"wp-image-214884\" width=\"600\" srcset=\"https:\/\/dr1.com\/news\/wp-content\/uploads\/2024\/04\/Republica-Dominicana-Hungria-visita-canciller-MIREX-1024x497.png 1024w, https:\/\/dr1.com\/news\/wp-content\/uploads\/2024\/04\/Republica-Dominicana-Hungria-visita-canciller-MIREX-300x146.png 300w, https:\/\/dr1.com\/news\/wp-content\/uploads\/2024\/04\/Republica-Dominicana-Hungria-visita-canciller-MIREX-768x373.png 768w, https:\/\/dr1.com\/news\/wp-content\/uploads\/2024\/04\/Republica-Dominicana-Hungria-visita-canciller-MIREX.png 1334w\" sizes=\"(max-width: 706px) 89vw, (max-width: 767px) 82vw, 740px\" \/><\/figure><\/div>\n\n\n\n<p>Hungarian Foreign Minister P\u00e9ter Szijj\u00e1rto visited last week to strengthen diplomatic and cooperation ties between both countries. Foreign Minister Roberto \u00c1lvarez hosted his colleague, Minister of Foreign Affairs and Trade of Hungary, P\u00e9ter Szijj\u00e1rto. Szijj\u00e1rto has been in the position since 2014.<\/p>\n\n\n\n<p>Szijj\u00e1rto\u2019s visit is the first in 40 years of bilateral diplomatic relations. The Ministry of Foreign Relations reported the ministers held discussions on their perspectives and positions on a variety of issues on the global agenda, including national security challenges, such as irregular immigration and international policy.<\/p>\n\n\n\n<p>The ministers advocated the defense of multilateralism as an indispensable resource for dialogue and the search for peace among peoples and agreed to continue working together in the different spaces provided by the United Nations system.<\/p>\n\n\n\n<p>The Ministry of Foreign Relations says the visit laid the foundations for strengthening bilateral trade and tourism and attracting investments to the Dominican Republic. Six bilateral agreements were signed on higher education, exchange between diplomatic academies, cooperation in water management, visa exemption for diplomatic and official passports, political consultations, and cooperation in trade and productive chains.<\/p>\n\n\n\n<p>Bilateral relations between the Dominican Republic and Hungary were established through the signing of a joint statement on 27 July 1984.<\/p>\n\n\n\n<p>As reported in Daily News Hungary, Szijj\u00e1rto said that Hungary and the Dominican Republic have formed \u201can alliance to protect their citizens against the hazards of illegal migration\u201d in the face of \u201chypocritical international pressure\u201d.<\/p>\n\n\n\n<p>\u201cWhile the international liberal mainstream says that migration is good and only has beneficial effects \u2026 we who directly face the challenges \u2026 know that migration poses a danger rather than opportunities, and could seriously impact national security,\u201d the Daily News reports quoting P\u00e9ter Szijj\u00e1rt\u00f3.<\/p>\n\n\n\n<p>Migration poses security risks such as \u201can increase in the threat of terrorism, spreading organised crime, a proliferation of drug trafficking or, as seen in Western Europe, the emergence of parallel societies,\u201d Szijj\u00e1rt\u00f3 said, calling for international cooperation on the part of \u201ccountries that directly face the dramatic effects of illegal migration\u201d. \u201cMigration is not a human right \u2026 a human right for everybody is that they should be ensured a peaceful and secure life in their own country,\u201d he said.<\/p>\n\n\n\n<p>Read more:<br><a href=\"https:\/\/mirex.gob.do\/republica-dominicana-recibe-primera-visita-de-un-canciller-hungaro-paises-refuerzan-lazos-diplomaticos-y-de-cooperacion\/\">Ministry of Foreign Relations <\/a><br><a href=\"https:\/\/dailynewshungary.com\/hungarian-methods-used-in-the-dominican-republic-against-illegal-migration\/\">Daily News Hungary <\/a><\/p>\n\n\n\n<p>22 April 2024<\/p>\n","protected":false},"excerpt":{"rendered":"<p>Hungarian Foreign Minister P\u00e9ter Szijj\u00e1rto visited last week to strengthen diplomatic and cooperation ties between both countries. Foreign Minister Roberto \u00c1lvarez hosted his colleague, Minister of Foreign Affairs and Trade of Hungary, P\u00e9ter Szijj\u00e1rto. Szijj\u00e1rto has been in the position since 2014. Szijj\u00e1rto\u2019s visit is the first in 40 years of bilateral diplomatic relations. The &hellip; <\/p>\n<p class=\"link-more\"><a href=\"https:\/\/dr1.com\/news\/2024\/04\/22\/hungary-and-dr-strengthen-ties-foreign-minister-visits\/\" class=\"more-link\">Read more\u2026<\/a><\/p>\n","protected":false},"author":2,"featured_media":0,"comment_status":"closed","ping_status":"closed","sticky":false,"template":"","format":"standard","meta":[],"categories":[330,3],"tags":[],"_links":{"self":[{"href":"https:\/\/dr1.com\/news\/wp-json\/wp\/v2\/posts\/214847"}],"collection":[{"href":"https:\/\/dr1.com\/news\/wp-json\/wp\/v2\/posts"}],"about":[{"href":"https:\/\/dr1.com\/news\/wp-json\/wp\/v2\/types\/post"}],"author":[{"embeddable":true,"href":"https:\/\/dr1.com\/news\/wp-json\/wp\/v2\/users\/2"}],"replies":[{"embeddable":true,"href":"https:\/\/dr1.com\/news\/wp-json\/wp\/v2\/comments?post=214847"}],"version-history":[{"count":5,"href":"https:\/\/dr1.com\/news\/wp-json\/wp\/v2\/posts\/214847\/revisions"}],"predecessor-version":[{"id":214886,"href":"https:\/\/dr1.com\/news\/wp-json\/wp\/v2\/posts\/214847\/revisions\/214886"}],"wp:attachment":[{"href":"https:\/\/dr1.com\/news\/wp-json\/wp\/v2\/media?parent=214847"}],"wp:term":[{"taxonomy":"category","embeddable":true,"href":"https:\/\/dr1.com\/news\/wp-json\/wp\/v2\/categories?post=214847"},{"taxonomy":"post_tag","embeddable":true,"href":"https:\/\/dr1.com\/news\/wp-json\/wp\/v2\/tags?post=214847"}],"curies":[{"name":"wp","href":"https:\/\/api.w.org\/{rel}","templated":true}]}}