{"id":221994,"date":"2024-08-22T09:10:25","date_gmt":"2024-08-22T13:10:25","guid":{"rendered":"https:\/\/dr1.com\/news\/?p=221994"},"modified":"2024-08-22T09:56:13","modified_gmt":"2024-08-22T13:56:13","slug":"its-official-guido-gomez-mazara-is-named-to-indotel","status":"publish","type":"post","link":"https:\/\/dr1.com\/news\/2024\/08\/22\/its-official-guido-gomez-mazara-is-named-to-indotel\/","title":{"rendered":"It\u2019s official: Guido Gomez Mazara is named to Indotel"},"content":{"rendered":"\n<div class=\"wp-block-image\"><figure class=\"aligncenter size-large is-resized\"><img src=\"https:\/\/dr1.com\/news\/wp-content\/uploads\/2024\/08\/Guido-Gomez-Mazara-INDOTEL-X-Luis-Abinader-1024x510.png\" alt=\"\" class=\"wp-image-222024\" width=\"600\" srcset=\"https:\/\/dr1.com\/news\/wp-content\/uploads\/2024\/08\/Guido-Gomez-Mazara-INDOTEL-X-Luis-Abinader-1024x510.png 1024w, https:\/\/dr1.com\/news\/wp-content\/uploads\/2024\/08\/Guido-Gomez-Mazara-INDOTEL-X-Luis-Abinader-300x149.png 300w, https:\/\/dr1.com\/news\/wp-content\/uploads\/2024\/08\/Guido-Gomez-Mazara-INDOTEL-X-Luis-Abinader-768x383.png 768w, https:\/\/dr1.com\/news\/wp-content\/uploads\/2024\/08\/Guido-Gomez-Mazara-INDOTEL-X-Luis-Abinader-1536x765.png 1536w, https:\/\/dr1.com\/news\/wp-content\/uploads\/2024\/08\/Guido-Gomez-Mazara-INDOTEL-X-Luis-Abinader-2048x1021.png 2048w\" sizes=\"(max-width: 706px) 89vw, (max-width: 767px) 82vw, 740px\" \/><\/figure><\/div>\n\n\n\n<p>Former president of the Senate and popular Z101 radio host Ramon Alburquerque had jumped the gun announcing two days ago that his fellow combative politician Guido Gomez Mazara had been appointed to the top position in Indotel, the Dominican Institute of Telecommunications. Then on Wednesday, 21 August 2024, the Decree 455-24 went public, making official the appointment as president of the board of Indotel. <\/p>\n\n\n\n<p>After the premature announcement, the very vocal Gomez Mazara had appeared as guest at leading news programs saying his appointment was going through the normal channels.<\/p>\n\n\n\n<p>Gomez Mazara\u2019s last job in government was as legal advisor for then President Hip\u00f3lito Mej\u00eda (2000-2004) and the Dominican Revolutionary Party (PRD). Gomez Mazara resigned to campaign for Mej\u00eda and at the time was replaced by Ricardo Ayanes P\u00e9rez N\u00fa\u00f1ez who is today legal advisor to the city of National District, for Carolina Mejia, daughter of former President Mejia.<\/p>\n\n\n\n<p>When Luis Abinader and Hip\u00f3lito Mej\u00eda founded the Modern Revolutionary Party (PRM) and left the Dominican Revolutionary Party (PRD) to party president Miguel Vargas Maldonado, Gomez Mazara stayed put. It was not until recently that he made the switch to the today ruling party. For years, Gomez Mazara had disputed the presidential candidacy of the PRD to Vargas Maldonado and publicly acted as opposition to the PRM.<\/p>\n\n\n\n<p>A lawyer by career, Guido Orlando G\u00f3mez Mazara, is best known as a politician and media personality. He is a graduate from the Universidad Iberoamericana (UNIBE) with a master&#8217;s degree in Political Science and Public Administration from the New School for Social Research in New York City.<\/p>\n\n\n\n<p>Gomez Mazara has served as executive director of Listin USA and worked as a news reporter for Telemundo Network. His academic contributions include teaching Law at Universidad Aut\u00f3noma de Santo Domingo (UASD), Universidad Iberoamericana (UNIBE), and Universidad Cat\u00f3lica.<\/p>\n\n\n\n<p>Once the announcement of his appointment was official, Gomez Mazara announced he would work to reduce the digital gap. Speaking on the media before his appointment, he had urged his followers to forget about his presidential aspirations and to concentrate on doing a good government during the next two years. President Luis Abinader has said he will not seek a third term.<\/p>\n\n\n\n<p>Read more in Spanish:<\/p>\n\n\n\n<p><a href=\"https:\/\/presidencia.gob.do\/decretos\/455-24\">Presidency<\/a><br><a previewlistener=\"true\" href=\"https:\/\/presidencia.gob.do\/noticias\/presidente-abinader-designa-mediante-decretos-nuevos-directores-en-inaipi-indotel-indesur\">Presidency <\/a><br><a previewlistener=\"true\" href=\"https:\/\/eldia.com.do\/reducir-la-brecha-digital-uno-de-los-objetivos-de-guido-gomez-en-el-indotel\/\">El Dia <\/a><br><a previewlistener=\"true\" href=\"https:\/\/www.diariolibre.com\/politica\/gobierno\/2024\/08\/21\/guido-gomez-nombrado-por-abinader-como-titular-del-indotel\/2826014\">Diario Libre <\/a><br><a previewlistener=\"true\" href=\"https:\/\/www.diariolibre.com\/opinion\/el-espia\/2024\/08\/20\/se-fueron-con-el-amague-en-indotel\/2825084\">Diario Libre <\/a><br><a previewlistener=\"true\" href=\"https:\/\/guidogomez.org\/\">Guido Gomez Mazara <\/a><br><a previewlistener=\"true\" href=\"https:\/\/www.elcaribe.com.do\/panorama\/politica\/decretos-guido-preside-indotel-y-josefa-el-inaipi\/\">El Caribe <\/a><\/p>\n\n\n\n<p>22 August 2024<\/p>\n","protected":false},"excerpt":{"rendered":"<p>Former president of the Senate and popular Z101 radio host Ramon Alburquerque had jumped the gun announcing two days ago that his fellow combative politician Guido Gomez Mazara had been appointed to the top position in Indotel, the Dominican Institute of Telecommunications. Then on Wednesday, 21 August 2024, the Decree 455-24 went public, making official &hellip; <\/p>\n<p class=\"link-more\"><a href=\"https:\/\/dr1.com\/news\/2024\/08\/22\/its-official-guido-gomez-mazara-is-named-to-indotel\/\" class=\"more-link\">Read more\u2026<\/a><\/p>\n","protected":false},"author":2,"featured_media":0,"comment_status":"closed","ping_status":"closed","sticky":false,"template":"","format":"standard","meta":[],"categories":[330,3],"tags":[],"_links":{"self":[{"href":"https:\/\/dr1.com\/news\/wp-json\/wp\/v2\/posts\/221994"}],"collection":[{"href":"https:\/\/dr1.com\/news\/wp-json\/wp\/v2\/posts"}],"about":[{"href":"https:\/\/dr1.com\/news\/wp-json\/wp\/v2\/types\/post"}],"author":[{"embeddable":true,"href":"https:\/\/dr1.com\/news\/wp-json\/wp\/v2\/users\/2"}],"replies":[{"embeddable":true,"href":"https:\/\/dr1.com\/news\/wp-json\/wp\/v2\/comments?post=221994"}],"version-history":[{"count":9,"href":"https:\/\/dr1.com\/news\/wp-json\/wp\/v2\/posts\/221994\/revisions"}],"predecessor-version":[{"id":222050,"href":"https:\/\/dr1.com\/news\/wp-json\/wp\/v2\/posts\/221994\/revisions\/222050"}],"wp:attachment":[{"href":"https:\/\/dr1.com\/news\/wp-json\/wp\/v2\/media?parent=221994"}],"wp:term":[{"taxonomy":"category","embeddable":true,"href":"https:\/\/dr1.com\/news\/wp-json\/wp\/v2\/categories?post=221994"},{"taxonomy":"post_tag","embeddable":true,"href":"https:\/\/dr1.com\/news\/wp-json\/wp\/v2\/tags?post=221994"}],"curies":[{"name":"wp","href":"https:\/\/api.w.org\/{rel}","templated":true}]}}