{"id":222094,"date":"2024-08-26T08:23:26","date_gmt":"2024-08-26T12:23:26","guid":{"rendered":"https:\/\/dr1.com\/news\/?p=222094"},"modified":"2024-08-26T09:16:50","modified_gmt":"2024-08-26T13:16:50","slug":"julio-cesar-valentin-named-superintendent-of-insurance","status":"publish","type":"post","link":"https:\/\/dr1.com\/news\/2024\/08\/26\/julio-cesar-valentin-named-superintendent-of-insurance\/","title":{"rendered":"Julio Cesar Valentin named Superintendent of Insurance"},"content":{"rendered":"\n<div class=\"wp-block-image\"><figure class=\"aligncenter size-large is-resized\"><img src=\"https:\/\/dr1.com\/news\/wp-content\/uploads\/2024\/08\/Julio-Cesar-Valentin-Diario-Libre-1024x662.png\" alt=\"\" class=\"wp-image-222175\" width=\"600\" srcset=\"https:\/\/dr1.com\/news\/wp-content\/uploads\/2024\/08\/Julio-Cesar-Valentin-Diario-Libre-1024x662.png 1024w, https:\/\/dr1.com\/news\/wp-content\/uploads\/2024\/08\/Julio-Cesar-Valentin-Diario-Libre-300x194.png 300w, https:\/\/dr1.com\/news\/wp-content\/uploads\/2024\/08\/Julio-Cesar-Valentin-Diario-Libre-768x497.png 768w, https:\/\/dr1.com\/news\/wp-content\/uploads\/2024\/08\/Julio-Cesar-Valentin-Diario-Libre-1536x994.png 1536w, https:\/\/dr1.com\/news\/wp-content\/uploads\/2024\/08\/Julio-Cesar-Valentin-Diario-Libre.png 2016w\" sizes=\"(max-width: 706px) 89vw, (max-width: 767px) 82vw, 740px\" \/><\/figure><\/div>\n\n\n\n<p>President Luis Abinader appointed 57-year old Julio C\u00e9sar Valent\u00edn Jimini\u00e1n as the new Superintendent of Insurance on Thursday, 22 August 2024.  Presidential Decree 459-29 names Valentin to replace Josefa Castillo, who has been named to the National Institute for Early Childhood Care (Inaipi).<\/p>\n\n\n\n<p>Valent\u00edn holds a law degree with a master\u2019s in political science and development, as well as postgraduate degrees in international public law, diplomacy, international arbitration and parliamentary law.<\/p>\n\n\n\n<p>He has served as deputy for three consecutive periods 1998-2002, 2002-2006 and 2006-2010, and was president of the Chamber of Deputies for 2006-2010.<\/p>\n\n\n\n<p>During his term in Congress, he advocated for a reduction in the number of deputies.<\/p>\n\n\n\n<p>He was senator for the province of Santiago for two consecutive terms 2010-2016 and 2016-2020.<\/p>\n\n\n\n<p>In addition to his legislative roles, Valent\u00edn has served as a district attorney, an investigating judge, a judicial translator for the Santiago Judicial District, and a municipal justice of the peace.<\/p>\n\n\n\n<p>He recently published the book \u201cThe Dominican Social Movements in the 21st Century\u201d.<\/p>\n\n\n\n<p>Read more in Spanish:<br><a previewlistener=\"true\" href=\"https:\/\/www.diariolibre.com\/politica\/gobierno\/2024\/08\/23\/cesar-valentin-queda-designado-como-superintendente-de-seguros\/2827773\">Diario Libre <\/a><br><a previewlistener=\"true\" href=\"https:\/\/elnacional.com.do\/abinader-designa-a-valentin-en-la-superintendencia-de-seguros\/\">El Nacional <\/a><br><a previewlistener=\"true\" href=\"https:\/\/es.wikipedia.org\/wiki\/Julio_C%C3%A9sar_Valent%C3%ADn\">Wikipedia <\/a><br><a previewlistener=\"true\" href=\"https:\/\/www.amazon.com\/-\/es\/Julio-Cesar-Valentin-Jiminian\/dp\/9945929232\">Amazon <\/a><br><a href=\"https:\/\/www.diariolibre.com\/actualidad\/valentn-pide-reducir-nmero-de-legisladores-MLDL129104\">Diario Libre <\/a><\/p>\n\n\n\n<p>26 August 2024<\/p>\n","protected":false},"excerpt":{"rendered":"<p>President Luis Abinader appointed 57-year old Julio C\u00e9sar Valent\u00edn Jimini\u00e1n as the new Superintendent of Insurance on Thursday, 22 August 2024. Presidential Decree 459-29 names Valentin to replace Josefa Castillo, who has been named to the National Institute for Early Childhood Care (Inaipi). Valent\u00edn holds a law degree with a master\u2019s in political science and &hellip; <\/p>\n<p class=\"link-more\"><a href=\"https:\/\/dr1.com\/news\/2024\/08\/26\/julio-cesar-valentin-named-superintendent-of-insurance\/\" class=\"more-link\">Read more\u2026<\/a><\/p>\n","protected":false},"author":2,"featured_media":0,"comment_status":"closed","ping_status":"closed","sticky":false,"template":"","format":"standard","meta":[],"categories":[330,3],"tags":[],"_links":{"self":[{"href":"https:\/\/dr1.com\/news\/wp-json\/wp\/v2\/posts\/222094"}],"collection":[{"href":"https:\/\/dr1.com\/news\/wp-json\/wp\/v2\/posts"}],"about":[{"href":"https:\/\/dr1.com\/news\/wp-json\/wp\/v2\/types\/post"}],"author":[{"embeddable":true,"href":"https:\/\/dr1.com\/news\/wp-json\/wp\/v2\/users\/2"}],"replies":[{"embeddable":true,"href":"https:\/\/dr1.com\/news\/wp-json\/wp\/v2\/comments?post=222094"}],"version-history":[{"count":4,"href":"https:\/\/dr1.com\/news\/wp-json\/wp\/v2\/posts\/222094\/revisions"}],"predecessor-version":[{"id":222176,"href":"https:\/\/dr1.com\/news\/wp-json\/wp\/v2\/posts\/222094\/revisions\/222176"}],"wp:attachment":[{"href":"https:\/\/dr1.com\/news\/wp-json\/wp\/v2\/media?parent=222094"}],"wp:term":[{"taxonomy":"category","embeddable":true,"href":"https:\/\/dr1.com\/news\/wp-json\/wp\/v2\/categories?post=222094"},{"taxonomy":"post_tag","embeddable":true,"href":"https:\/\/dr1.com\/news\/wp-json\/wp\/v2\/tags?post=222094"}],"curies":[{"name":"wp","href":"https:\/\/api.w.org\/{rel}","templated":true}]}}