{"id":222099,"date":"2024-08-26T08:25:06","date_gmt":"2024-08-26T12:25:06","guid":{"rendered":"https:\/\/dr1.com\/news\/?p=222099"},"modified":"2024-08-26T09:28:19","modified_gmt":"2024-08-26T13:28:19","slug":"jose-luis-actis-is-named-to-manage-edesur","status":"publish","type":"post","link":"https:\/\/dr1.com\/news\/2024\/08\/26\/jose-luis-actis-is-named-to-manage-edesur\/","title":{"rendered":"Jose Luis Actis is named to manage Edesur"},"content":{"rendered":"\n<div class=\"wp-block-image\"><figure class=\"aligncenter size-large is-resized\"><img src=\"https:\/\/dr1.com\/news\/wp-content\/uploads\/2024\/08\/Jose-Luis-Actis-Celso-Marranzini-Milton-Morrison-Listin-Diario-1024x501.png\" alt=\"\" class=\"wp-image-222183\" width=\"600\" srcset=\"https:\/\/dr1.com\/news\/wp-content\/uploads\/2024\/08\/Jose-Luis-Actis-Celso-Marranzini-Milton-Morrison-Listin-Diario-1024x501.png 1024w, https:\/\/dr1.com\/news\/wp-content\/uploads\/2024\/08\/Jose-Luis-Actis-Celso-Marranzini-Milton-Morrison-Listin-Diario-300x147.png 300w, https:\/\/dr1.com\/news\/wp-content\/uploads\/2024\/08\/Jose-Luis-Actis-Celso-Marranzini-Milton-Morrison-Listin-Diario-768x375.png 768w, https:\/\/dr1.com\/news\/wp-content\/uploads\/2024\/08\/Jose-Luis-Actis-Celso-Marranzini-Milton-Morrison-Listin-Diario-1536x751.png 1536w, https:\/\/dr1.com\/news\/wp-content\/uploads\/2024\/08\/Jose-Luis-Actis-Celso-Marranzini-Milton-Morrison-Listin-Diario.png 1886w\" sizes=\"(max-width: 706px) 89vw, (max-width: 767px) 82vw, 740px\" \/><figcaption>Jos\u00e9 Luis Actis, Celso Marranzini and Milton Morrison \/ List\u00edn Diario<\/figcaption><\/figure><\/div>\n\n\n\n<p>The Unified Council of Electricity Distribution Companies (CUED) has appointed economist Jos\u00e9 Luis Actis as the Interim General Manager of Edesur Dominicana. Actis has pledged to continue supporting efficient management to achieve the best results as quickly as possible, emphasizing teamwork and building on the work of his predecessor.<\/p>\n\n\n\n<p>Actis was officially installed by CUED President Celso Marranzini, who was joined by CUED board members Luis Miura, Pedro D\u00edaz Gonz\u00e1lez, Edwin Acosta, and Jos\u00e9 Florentino, president of the Fund for Reformed Companies (Fonper).<\/p>\n\n\n\n<p>Marranzini expressed gratitude to President Luis Abinader for his strong support of CUED&#8217;s efforts to strengthen and improve the national electricity sector. <\/p>\n\n\n\n<p>As reported in De Ultimo Minuto, Actis is an Argentinean economist who worked as an advisor to former Minister of Hacienda Donald Guerrero (2016-2020). Guerrero faces a billionaire case in the judiciary for corruption in office.<\/p>\n\n\n\n<p>Actis replaces Milton Morrison, President Abinader\u2019s first choice to manage Edesur, who was moved to Intrant after four years in charge of Edesur.  Marranzini has been critical of Morrison\u2019s management at Edesur, saying he delayed in making important purchases.<\/p>\n\n\n\n<p>Read more in Spanish:<br><a previewlistener=\"true\" href=\"https:\/\/www.edesur.com.do\/noticias\/presidente-de-cued-celso-marranzini-posesiona-a-nuevo-gerente-general-de-edesur-dominicana\/\">Edesur <\/a><br><a previewlistener=\"true\" href=\"https:\/\/presidencia.gob.do\/noticias\/presidente-de-cued-posesiona-nuevo-gerente-general-de-edesur-dominicana\">Presidency <\/a><br><a previewlistener=\"true\" href=\"https:\/\/deultimominuto.net\/quien-es-jose-luis-actis-el-economista-argentino-que-administrara-interinamente-edesur\/\">De Ultimo Minuto <\/a><br><a previewlistener=\"true\" href=\"https:\/\/compraenergia.do\/\">Compra Energia <\/a><br><a href=\"https:\/\/hoy.com.do\/el-pleito-electrico-pica-y-se-extiende-asi-respondio-morrison-a-las-acusaciones-de-marranzini\/\">Hoy <\/a><\/p>\n\n\n\n<p>26 August 2024<\/p>\n","protected":false},"excerpt":{"rendered":"<p>The Unified Council of Electricity Distribution Companies (CUED) has appointed economist Jos\u00e9 Luis Actis as the Interim General Manager of Edesur Dominicana. Actis has pledged to continue supporting efficient management to achieve the best results as quickly as possible, emphasizing teamwork and building on the work of his predecessor. Actis was officially installed by CUED &hellip; <\/p>\n<p class=\"link-more\"><a href=\"https:\/\/dr1.com\/news\/2024\/08\/26\/jose-luis-actis-is-named-to-manage-edesur\/\" class=\"more-link\">Read more\u2026<\/a><\/p>\n","protected":false},"author":2,"featured_media":0,"comment_status":"closed","ping_status":"closed","sticky":false,"template":"","format":"standard","meta":[],"categories":[330,3],"tags":[],"_links":{"self":[{"href":"https:\/\/dr1.com\/news\/wp-json\/wp\/v2\/posts\/222099"}],"collection":[{"href":"https:\/\/dr1.com\/news\/wp-json\/wp\/v2\/posts"}],"about":[{"href":"https:\/\/dr1.com\/news\/wp-json\/wp\/v2\/types\/post"}],"author":[{"embeddable":true,"href":"https:\/\/dr1.com\/news\/wp-json\/wp\/v2\/users\/2"}],"replies":[{"embeddable":true,"href":"https:\/\/dr1.com\/news\/wp-json\/wp\/v2\/comments?post=222099"}],"version-history":[{"count":3,"href":"https:\/\/dr1.com\/news\/wp-json\/wp\/v2\/posts\/222099\/revisions"}],"predecessor-version":[{"id":222184,"href":"https:\/\/dr1.com\/news\/wp-json\/wp\/v2\/posts\/222099\/revisions\/222184"}],"wp:attachment":[{"href":"https:\/\/dr1.com\/news\/wp-json\/wp\/v2\/media?parent=222099"}],"wp:term":[{"taxonomy":"category","embeddable":true,"href":"https:\/\/dr1.com\/news\/wp-json\/wp\/v2\/categories?post=222099"},{"taxonomy":"post_tag","embeddable":true,"href":"https:\/\/dr1.com\/news\/wp-json\/wp\/v2\/tags?post=222099"}],"curies":[{"name":"wp","href":"https:\/\/api.w.org\/{rel}","templated":true}]}}