{"id":225151,"date":"2024-10-17T08:45:34","date_gmt":"2024-10-17T12:45:34","guid":{"rendered":"https:\/\/dr1.com\/news\/?p=225151"},"modified":"2024-10-17T11:08:41","modified_gmt":"2024-10-17T15:08:41","slug":"switching-from-itbis-to-vat-more-than-just-a-name-change","status":"publish","type":"post","link":"https:\/\/dr1.com\/news\/2024\/10\/17\/switching-from-itbis-to-vat-more-than-just-a-name-change\/","title":{"rendered":"Switching from ITBIS to VAT: More than just a name change"},"content":{"rendered":"\n<div class=\"wp-block-image\"><figure class=\"aligncenter size-large is-resized\"><img src=\"https:\/\/dr1.com\/news\/wp-content\/uploads\/2024\/10\/IVA-Lentepubblica-1024x674.png\" alt=\"\" class=\"wp-image-225214\" width=\"600\" srcset=\"https:\/\/dr1.com\/news\/wp-content\/uploads\/2024\/10\/IVA-Lentepubblica-1024x674.png 1024w, https:\/\/dr1.com\/news\/wp-content\/uploads\/2024\/10\/IVA-Lentepubblica-300x197.png 300w, https:\/\/dr1.com\/news\/wp-content\/uploads\/2024\/10\/IVA-Lentepubblica-768x505.png 768w, https:\/\/dr1.com\/news\/wp-content\/uploads\/2024\/10\/IVA-Lentepubblica.png 1094w\" sizes=\"(max-width: 706px) 89vw, (max-width: 767px) 82vw, 740px\" \/><\/figure><\/div>\n\n\n\n<p>Experts warn that a simple name change from the ITBIS (Impuesto a la Transferencia de Bienes Industrializados y Servicios) to VAT (Value Added Tax) could create legal loopholes and leave certain sectors without tax obligations, El Caribe reports.<\/p>\n\n\n\n<p>The proposal to rename the ITBIS to VAT within the Abinader administration\u2019s Tax Modernization Bill under study in Congress may involve more than just a simple change of words, potentially leading to unforeseen complications, the story in El Caribe explains.<\/p>\n\n\n\n<p>Economists Mag\u00edn D\u00edaz and Edgar Morales were asked: How will this transition occur, and what adjustments will it entail? D\u00edaz said that, in principle, this seemingly simple change could complicate matters, as the Ministry of Hacienda appears focused solely on changing the name rather than addressing underlying issues.<\/p>\n\n\n\n<p>Morales explained that the term &#8220;ITBIS&#8221; specifically refers to the transfer of industrialized goods and services, and changing it to &#8220;VAT&#8221; raises questions about the tax status of certain goods that might fall outside the new definition.<\/p>\n\n\n\n<p>&#8220;Accountingly, nothing changes because the ITBIS is a VAT-type tax,&#8221; Morales said. &#8220;That&#8217;s cosmetic. But what&#8217;s not cosmetic is having to redefine what an industrialized good is and explain what a non-industrialized good is.&#8221;<\/p>\n\n\n\n<p>He added, &#8220;Taxes have a scope; there are exempt goods and goods that are not subject to the tax. When we replace ITBIS with VAT and remove the &#8216;industrialized&#8217; qualifier, it means that there are goods that are not currently exempt, but simply not covered by the tax.&#8221;<\/p>\n\n\n\n<p>Morales cited real estate, intangible assets, and financial assets as examples of goods that are not currently categorized under the ITBIS.<\/p>\n\n\n\n<p>Read more in Spanish:<br><a href=\"https:\/\/www.elcaribe.com.do\/panorama\/dinero\/moverse-del-itbis-al-iva-es-mas-que-cambiar-un-nombre\/\">El Caribe <\/a><\/p>\n\n\n\n<p>17 October 2024<\/p>\n","protected":false},"excerpt":{"rendered":"<p>Experts warn that a simple name change from the ITBIS (Impuesto a la Transferencia de Bienes Industrializados y Servicios) to VAT (Value Added Tax) could create legal loopholes and leave certain sectors without tax obligations, El Caribe reports. The proposal to rename the ITBIS to VAT within the Abinader administration\u2019s Tax Modernization Bill under study &hellip; <\/p>\n<p class=\"link-more\"><a href=\"https:\/\/dr1.com\/news\/2024\/10\/17\/switching-from-itbis-to-vat-more-than-just-a-name-change\/\" class=\"more-link\">Read more\u2026<\/a><\/p>\n","protected":false},"author":2,"featured_media":0,"comment_status":"closed","ping_status":"closed","sticky":false,"template":"","format":"standard","meta":[],"categories":[330,3],"tags":[],"_links":{"self":[{"href":"https:\/\/dr1.com\/news\/wp-json\/wp\/v2\/posts\/225151"}],"collection":[{"href":"https:\/\/dr1.com\/news\/wp-json\/wp\/v2\/posts"}],"about":[{"href":"https:\/\/dr1.com\/news\/wp-json\/wp\/v2\/types\/post"}],"author":[{"embeddable":true,"href":"https:\/\/dr1.com\/news\/wp-json\/wp\/v2\/users\/2"}],"replies":[{"embeddable":true,"href":"https:\/\/dr1.com\/news\/wp-json\/wp\/v2\/comments?post=225151"}],"version-history":[{"count":3,"href":"https:\/\/dr1.com\/news\/wp-json\/wp\/v2\/posts\/225151\/revisions"}],"predecessor-version":[{"id":225216,"href":"https:\/\/dr1.com\/news\/wp-json\/wp\/v2\/posts\/225151\/revisions\/225216"}],"wp:attachment":[{"href":"https:\/\/dr1.com\/news\/wp-json\/wp\/v2\/media?parent=225151"}],"wp:term":[{"taxonomy":"category","embeddable":true,"href":"https:\/\/dr1.com\/news\/wp-json\/wp\/v2\/categories?post=225151"},{"taxonomy":"post_tag","embeddable":true,"href":"https:\/\/dr1.com\/news\/wp-json\/wp\/v2\/tags?post=225151"}],"curies":[{"name":"wp","href":"https:\/\/api.w.org\/{rel}","templated":true}]}}