{"id":229829,"date":"2025-01-20T07:35:22","date_gmt":"2025-01-20T11:35:22","guid":{"rendered":"https:\/\/dr1.com\/news\/?p=229829"},"modified":"2025-01-20T09:02:09","modified_gmt":"2025-01-20T13:02:09","slug":"environmentalist-jose-manuel-armenteros-rius-passes-away-at-99-years","status":"publish","type":"post","link":"https:\/\/dr1.com\/news\/2025\/01\/20\/environmentalist-jose-manuel-armenteros-rius-passes-away-at-99-years\/","title":{"rendered":"Environmentalist Jose Manuel Armenteros Rius passes away at 99 years"},"content":{"rendered":"\n<div class=\"wp-block-image\"><figure class=\"aligncenter size-large is-resized\"><img src=\"https:\/\/dr1.com\/news\/wp-content\/uploads\/2025\/01\/Jose-Manuel-Armenteros-Listin-Diario-1024x627.png\" alt=\"\" class=\"wp-image-229879\" width=\"600\" srcset=\"https:\/\/dr1.com\/news\/wp-content\/uploads\/2025\/01\/Jose-Manuel-Armenteros-Listin-Diario-1024x627.png 1024w, https:\/\/dr1.com\/news\/wp-content\/uploads\/2025\/01\/Jose-Manuel-Armenteros-Listin-Diario-300x184.png 300w, https:\/\/dr1.com\/news\/wp-content\/uploads\/2025\/01\/Jose-Manuel-Armenteros-Listin-Diario-768x470.png 768w, https:\/\/dr1.com\/news\/wp-content\/uploads\/2025\/01\/Jose-Manuel-Armenteros-Listin-Diario.png 1520w\" sizes=\"(max-width: 706px) 89vw, (max-width: 767px) 82vw, 740px\" \/><\/figure><\/div>\n\n\n\n<p>Jose Manuel Armenteros Rius passed away on Saturday, 18 January 2025. His family was preparing his 100th birthday on 26 March. He was working on an expanded version of his life memoirs. He had lots to tell and share.<\/p>\n\n\n\n<p>Armenteros is renowned for his significant contributions to the nation\u2019s development, particularly in the water engineering, the environment and business. Of Spanish descent, he was actually born in the eastern province of San Pedro de Macoris. He carried out a doctorate in engineering at the Escuela Superior de Ingenieros de Caminos, Canales y Puertos de Madrid, Spain and returned to the Dominican Republic where his career was marked by environmental stewardship.<\/p>\n\n\n\n<p>Armenteros founded the Fondo Pro Naturaleza (ProNatura) in the 1990s, a non-profit organization dedicated to preserving watersheds, conserving soils, and reforesting the Dominican landscape. Under his guidance, ProNatura implemented numerous initiatives, including national park management plans, ecological restoration projects, and community empowerment programs. He is the champion of the &#8220;ebano verde,&#8221; the cloud forest endemic tree he preserved by creating the privately managed reserve, Reserva Cient\u00edfica Ebano Verde in the La Vega province mountains. The facility enabled visitations where Dominicans can learn to appreciate the importance of the hardwood tree. The effort ensured the tree would be preserved and continue to be available locally.<\/p>\n\n\n\n<p>Armenteros\u2019s pioneering work in hydroelectric power and water resource management brought clean water to millions of Dominicans. The Ministry of Environment issued him a lifetime achievement award for his work in water resource conservation in 2022.<\/p>\n\n\n\n<p>Armenteros&#8217;s innovative approach to collaboration, involving both public and private sectors, fostered sustainable development and improved the lives of countless communities.<\/p>\n\n\n\n<p>Beyond his environmental endeavors, Armenteros was a highly respected industrialist. As the founder of Mendoza, Armenteros y Asociados (Mendar), he played a pivotal role in numerous infrastructure projects, including hydroelectric power plants, rural aqueducts, and hydrological studies.<\/p>\n\n\n\n<p>Armenteros also held leadership positions in various industrial associations, including the Asociaci\u00f3n de Industrias de la Rep\u00fablica Dominicana and the C\u00e1mara de Comercio y Producci\u00f3n de Santo Domingo. He is credited with fostering the law that created resources for chambers of commerce nationwide. His international experience extended to Spain, where he served as a technical director for several hydroelectric projects.<\/p>\n\n\n\n<p>Listin Diario writes that Jos\u00e9 Manuel Armenteros Rius was more than an engineer or businessman; he was a visionary who understood the interconnectedness of economic development and environmental sustainability. <\/p>\n\n\n\n<p>Read more in Spanish:<br><a href=\"https:\/\/listindiario.com\/la-republica\/20250120\/fallecio-gran-amante-naturaleza_842048.html\">Listin Diario <\/a><\/p>\n\n\n\n<p><a href=\"https:\/\/ebanoverde.org\/\">Reserva Cientifica Ebano Verde<\/a><\/p>\n\n\n\n<p>20 January 2025<\/p>\n","protected":false},"excerpt":{"rendered":"<p>Jose Manuel Armenteros Rius passed away on Saturday, 18 January 2025. His family was preparing his 100th birthday on 26 March. He was working on an expanded version of his life memoirs. He had lots to tell and share. Armenteros is renowned for his significant contributions to the nation\u2019s development, particularly in the water engineering, &hellip; <\/p>\n<p class=\"link-more\"><a href=\"https:\/\/dr1.com\/news\/2025\/01\/20\/environmentalist-jose-manuel-armenteros-rius-passes-away-at-99-years\/\" class=\"more-link\">Read more\u2026<\/a><\/p>\n","protected":false},"author":2,"featured_media":0,"comment_status":"closed","ping_status":"closed","sticky":false,"template":"","format":"standard","meta":[],"categories":[337,3],"tags":[],"_links":{"self":[{"href":"https:\/\/dr1.com\/news\/wp-json\/wp\/v2\/posts\/229829"}],"collection":[{"href":"https:\/\/dr1.com\/news\/wp-json\/wp\/v2\/posts"}],"about":[{"href":"https:\/\/dr1.com\/news\/wp-json\/wp\/v2\/types\/post"}],"author":[{"embeddable":true,"href":"https:\/\/dr1.com\/news\/wp-json\/wp\/v2\/users\/2"}],"replies":[{"embeddable":true,"href":"https:\/\/dr1.com\/news\/wp-json\/wp\/v2\/comments?post=229829"}],"version-history":[{"count":4,"href":"https:\/\/dr1.com\/news\/wp-json\/wp\/v2\/posts\/229829\/revisions"}],"predecessor-version":[{"id":229880,"href":"https:\/\/dr1.com\/news\/wp-json\/wp\/v2\/posts\/229829\/revisions\/229880"}],"wp:attachment":[{"href":"https:\/\/dr1.com\/news\/wp-json\/wp\/v2\/media?parent=229829"}],"wp:term":[{"taxonomy":"category","embeddable":true,"href":"https:\/\/dr1.com\/news\/wp-json\/wp\/v2\/categories?post=229829"},{"taxonomy":"post_tag","embeddable":true,"href":"https:\/\/dr1.com\/news\/wp-json\/wp\/v2\/tags?post=229829"}],"curies":[{"name":"wp","href":"https:\/\/api.w.org\/{rel}","templated":true}]}}