{"id":231058,"date":"2025-02-11T07:12:52","date_gmt":"2025-02-11T11:12:52","guid":{"rendered":"https:\/\/dr1.com\/news\/?p=231058"},"modified":"2025-02-11T07:50:55","modified_gmt":"2025-02-11T11:50:55","slug":"king-felipe-vi-of-spain-honors-juan-luis-guerra","status":"publish","type":"post","link":"https:\/\/dr1.com\/news\/2025\/02\/11\/king-felipe-vi-of-spain-honors-juan-luis-guerra\/","title":{"rendered":"King Felipe VI of Spain honors Juan Luis Guerra"},"content":{"rendered":"\n<div class=\"wp-block-image\"><figure class=\"aligncenter size-large is-resized\"><img src=\"https:\/\/dr1.com\/news\/wp-content\/uploads\/2025\/02\/Rey-de-Espan\u0303a-reconoce-a-Juan-Luis-Guerra-Hoy--1024x621.png\" alt=\"\" class=\"wp-image-231096\" width=\"600\" srcset=\"https:\/\/dr1.com\/news\/wp-content\/uploads\/2025\/02\/Rey-de-Espan\u0303a-reconoce-a-Juan-Luis-Guerra-Hoy--1024x621.png 1024w, https:\/\/dr1.com\/news\/wp-content\/uploads\/2025\/02\/Rey-de-Espan\u0303a-reconoce-a-Juan-Luis-Guerra-Hoy--300x182.png 300w, https:\/\/dr1.com\/news\/wp-content\/uploads\/2025\/02\/Rey-de-Espan\u0303a-reconoce-a-Juan-Luis-Guerra-Hoy--768x466.png 768w, https:\/\/dr1.com\/news\/wp-content\/uploads\/2025\/02\/Rey-de-Espan\u0303a-reconoce-a-Juan-Luis-Guerra-Hoy--1536x932.png 1536w, https:\/\/dr1.com\/news\/wp-content\/uploads\/2025\/02\/Rey-de-Espan\u0303a-reconoce-a-Juan-Luis-Guerra-Hoy--2048x1243.png 2048w\" sizes=\"(max-width: 706px) 89vw, (max-width: 767px) 82vw, 740px\" \/><\/figure><\/div>\n\n\n\n<p>Spain&#8217;s King Felipe VI awarded the Commander\u2019s Cross of the Royal Order of Isabella the Catholic to Dominican singer-songwriter Juan Luis Guerra at a ceremony held at the Spanish Embassy. Attending the event were the President of the Dominican Republic, Luis Abinader, and his wife, Raquel Arbaje.<\/p>\n\n\n\n<p>In a statement, Spanish Ambassador Antonio P\u00e9rez-Hern\u00e1ndez praised Guerra as one of the most prominent figures of Dominican culture and one of the most internationally recognized personalities of the nation. He emphasized Guerra&#8217;s position as one of the most celebrated Latin artists of the past few decades, noting his impact extends beyond music, representing a true sociocultural phenomenon.<\/p>\n\n\n\n<p>The ambassador also highlighted Guerra\u2019s solidarity and social awareness, pointing out that despite his success and fame, he has remained committed to social causes, standing out both as a great professional and a remarkable human being.<\/p>\n\n\n\n<p>Additionally, P\u00e9rez-Hern\u00e1ndez emphasized Guerra\u2019s long-standing and deep connection to Spain, where he is regarded as one of the most beloved Latin artists. Spain has always welcomed him with admiration and affection.<\/p>\n\n\n\n<p>&#8220;For all these reasons, the government and people of Spain wish to acknowledge his immense contribution to spreading the Spanish language and culture worldwide, and his efforts to unite our two nations through his music,&#8221; the statement said.<\/p>\n\n\n\n<p>The King\u2019s award, the prestigious Commander\u2019s Cross of the Order of Isabella the Catholic, serves as a symbol of Spain&#8217;s admiration, respect, and gratitude towards Guerra.<\/p>\n\n\n\n<p>In his speech, the ambassador called Guerra \u201ca great Dominican, a great friend of Spain, and a global figure. Juan Luis belongs to everyone now.\u201d<\/p>\n\n\n\n<p>Upon receiving the honor, Guerra expressed his gratitude for the recognition and thanked the attending authorities and guests. He reflected on his musical journey in Spain, recalling how warmly the Spanish public had embraced his music. He thanked Spanish artists Alejandro Sanz, Joan Manuel Serrat, and Joaqu\u00edn Sabina for their support and inspiration.<\/p>\n\n\n\n<p>The awardee dedicated the distinction to his wife, Nora, his children Paulina, Jean Gabriel, and Ana, his manager Amarilys, his band 4.40, and to his family, friends, and fans.<\/p>\n\n\n\n<p>Among the attendees were Foreign Minister Roberto \u00c1lvarez, Minister of Industry and Commerce V\u00edctor Bison\u00f3, and Minister of Culture Roberto Salcedo. Also present were numerous family members, friends, and notable figures from politics, business, and the cultural scene.<\/p>\n\n\n\n<p>Read more in Spanish:<br><a href=\"https:\/\/hoy.com.do\/rey-felipe-reconoce-a-juan-luis-guerra\/\">Hoy <\/a><\/p>\n\n\n\n<p>11 February 2025<\/p>\n","protected":false},"excerpt":{"rendered":"<p>Spain&#8217;s King Felipe VI awarded the Commander\u2019s Cross of the Royal Order of Isabella the Catholic to Dominican singer-songwriter Juan Luis Guerra at a ceremony held at the Spanish Embassy. Attending the event were the President of the Dominican Republic, Luis Abinader, and his wife, Raquel Arbaje. In a statement, Spanish Ambassador Antonio P\u00e9rez-Hern\u00e1ndez praised &hellip; <\/p>\n<p class=\"link-more\"><a href=\"https:\/\/dr1.com\/news\/2025\/02\/11\/king-felipe-vi-of-spain-honors-juan-luis-guerra\/\" class=\"more-link\">Read more\u2026<\/a><\/p>\n","protected":false},"author":2,"featured_media":0,"comment_status":"closed","ping_status":"closed","sticky":false,"template":"","format":"standard","meta":[],"categories":[337,3],"tags":[],"_links":{"self":[{"href":"https:\/\/dr1.com\/news\/wp-json\/wp\/v2\/posts\/231058"}],"collection":[{"href":"https:\/\/dr1.com\/news\/wp-json\/wp\/v2\/posts"}],"about":[{"href":"https:\/\/dr1.com\/news\/wp-json\/wp\/v2\/types\/post"}],"author":[{"embeddable":true,"href":"https:\/\/dr1.com\/news\/wp-json\/wp\/v2\/users\/2"}],"replies":[{"embeddable":true,"href":"https:\/\/dr1.com\/news\/wp-json\/wp\/v2\/comments?post=231058"}],"version-history":[{"count":7,"href":"https:\/\/dr1.com\/news\/wp-json\/wp\/v2\/posts\/231058\/revisions"}],"predecessor-version":[{"id":231097,"href":"https:\/\/dr1.com\/news\/wp-json\/wp\/v2\/posts\/231058\/revisions\/231097"}],"wp:attachment":[{"href":"https:\/\/dr1.com\/news\/wp-json\/wp\/v2\/media?parent=231058"}],"wp:term":[{"taxonomy":"category","embeddable":true,"href":"https:\/\/dr1.com\/news\/wp-json\/wp\/v2\/categories?post=231058"},{"taxonomy":"post_tag","embeddable":true,"href":"https:\/\/dr1.com\/news\/wp-json\/wp\/v2\/tags?post=231058"}],"curies":[{"name":"wp","href":"https:\/\/api.w.org\/{rel}","templated":true}]}}