{"id":231758,"date":"2025-02-24T08:01:46","date_gmt":"2025-02-24T12:01:46","guid":{"rendered":"https:\/\/dr1.com\/news\/?p=231758"},"modified":"2025-02-24T09:33:05","modified_gmt":"2025-02-24T13:33:05","slug":"opret-announces-the-arrival-of-six-more-metro-cars-to-enhance-service","status":"publish","type":"post","link":"https:\/\/dr1.com\/news\/2025\/02\/24\/opret-announces-the-arrival-of-six-more-metro-cars-to-enhance-service\/","title":{"rendered":"Opret announces the arrival of six more metro cars to enhance service"},"content":{"rendered":"\n<div class=\"wp-block-image\"><figure class=\"aligncenter size-full\"><img loading=\"lazy\" width=\"600\" height=\"360\" src=\"https:\/\/dr1.com\/news\/wp-content\/uploads\/2021\/06\/Metro-de-Santo-Domingo-El-Caribe-e1622640085450.jpg\" alt=\"\" class=\"wp-image-159167\"\/><\/figure><\/div>\n\n\n\n<p>Commuters in Santo Domingo can expect some relief from crowded metro trains this summer. At present, people queue for hours to get a ride on the fast-transit train. The Office for the Reorganization of Transportation (OPRET) announced today that more six-car trains will begin operating on both Line 1 and Line 2 in July 2025, as reported in Diario Libre.<\/p>\n\n\n\n<p>The new configurations, capable of carrying over 1,000 passengers per train, aim to significantly reduce congestion during peak travel times.<\/p>\n\n\n\n<p>&#8220;This move will not only increase transport capacity but also ensure a more comfortable journey for our riders,&#8221; said Santos P\u00e9rez. He added that the addition of six-car trains would boost the metro&#8217;s overall capacity by 5% to 6%.<\/p>\n\n\n\n<p>The German company Siemens is currently upgrading software and signaling systems to accommodate the longer trains. OPRET explained that the train cars are arriving one per month, for a gradual rollout of the expanded train sets.<\/p>\n\n\n\n<p>Beyond the train expansions, OPRET plans to open a new interconnection corridor between Lines 1 and 2, further improving accessibility and efficiency. The project aligns with the broader vision to optimize Santo Domingo&#8217;s public transportation network.<\/p>\n\n\n\n<p>The Santo Domingo Metro, which currently serves 350,000 to 400,000 passengers daily, expects the six-car trains to ease congestion positively impacting commuters boarding and unboarding at the Mam\u00e1 Ting\u00f3, Concepci\u00f3n Bona, and Juan Pablo Duarte transfer stations.<\/p>\n\n\n\n<p>Looking ahead, the opening of Line 2-C in the final quarter of the year is projected to further increase capacity by 15%, continuing the metro&#8217;s evolution as a vital lifeline for the city. The civil works phase of Line 2-C is set for completion in April, followed by electrical work finishing in August, with full operation anticipated by the end of 2025.<\/p>\n\n\n\n<p>In March 2021, the Opret had announced it began tests for the operation of the six car trains, as reported then in Diario Libre.<\/p>\n\n\n\n<p>In July 2023, the Presidency announced the arrival of the first six an order of 72 cars to increase the capacity of the Santo Domingo Metro.<\/p>\n\n\n\n<p>The Santo Domingo Metro construction began in 2005 during the Leonel Fernandez administration and the first train went into service in 2012 with a first year of 30.8 million passengers. The number of travelers promptly doubled to 61 million by 2014. In 2023, ridership was upwards of 100 million.<\/p>\n\n\n\n<p>Read more in Spanish:<br><a href=\"https:\/\/www.diariolibre.com\/actualidad\/ciudad\/2025\/02\/21\/por-fin-los-trenes-del-metro-de-seis-vagones-desde-julio\/3006062\">Diario Libre <\/a><br><a href=\"https:\/\/www.diariolibre.com\/actualidad\/ciudad\/opret-hace-primeras-pruebas-para-trenes-de-seis-vagones-en-el-metro-BJ24874588\">Diario Libre <\/a><br><a href=\"https:\/\/www.diariolibre.com\/actualidad\/ciudad\/2025\/02\/22\/metro-de-santo-domingo-tiempo-de-construccion-y-distancias-abarca\/3006454\">Diario Libre <\/a><br><a href=\"https:\/\/hoy.com.do\/metro-operara-con-trenes-de-6-vagones-a-partir-de-julio-2025\/\">Hoy <\/a><br><a href=\"https:\/\/presidencia.gob.do\/noticias\/llegan-al-pais-los-primeros-seis-vagones-de-un-total-de-72-para-aumentar-la-capacidad-del\">Presidency <\/a><br><a href=\"https:\/\/presidencia.gob.do\/noticias\/el-metro-de-santo-domingo-rompe-record-de-usuarios-en-los-ultimos-12-mes\">Presidency <\/a><br><a href=\"https:\/\/www.diariolibre.com\/actualidad\/ciudad\/2025\/02\/22\/metro-de-santo-domingo-tiempo-de-construccion-y-distancias-abarca\/3006454\">Diario Libre <\/a><\/p>\n\n\n\n<p>24 February 2025<\/p>\n","protected":false},"excerpt":{"rendered":"<p>Commuters in Santo Domingo can expect some relief from crowded metro trains this summer. At present, people queue for hours to get a ride on the fast-transit train. The Office for the Reorganization of Transportation (OPRET) announced today that more six-car trains will begin operating on both Line 1 and Line 2 in July 2025, &hellip; <\/p>\n<p class=\"link-more\"><a href=\"https:\/\/dr1.com\/news\/2025\/02\/24\/opret-announces-the-arrival-of-six-more-metro-cars-to-enhance-service\/\" class=\"more-link\">Read more\u2026<\/a><\/p>\n","protected":false},"author":2,"featured_media":0,"comment_status":"closed","ping_status":"closed","sticky":false,"template":"","format":"standard","meta":[],"categories":[337,3],"tags":[],"_links":{"self":[{"href":"https:\/\/dr1.com\/news\/wp-json\/wp\/v2\/posts\/231758"}],"collection":[{"href":"https:\/\/dr1.com\/news\/wp-json\/wp\/v2\/posts"}],"about":[{"href":"https:\/\/dr1.com\/news\/wp-json\/wp\/v2\/types\/post"}],"author":[{"embeddable":true,"href":"https:\/\/dr1.com\/news\/wp-json\/wp\/v2\/users\/2"}],"replies":[{"embeddable":true,"href":"https:\/\/dr1.com\/news\/wp-json\/wp\/v2\/comments?post=231758"}],"version-history":[{"count":6,"href":"https:\/\/dr1.com\/news\/wp-json\/wp\/v2\/posts\/231758\/revisions"}],"predecessor-version":[{"id":231813,"href":"https:\/\/dr1.com\/news\/wp-json\/wp\/v2\/posts\/231758\/revisions\/231813"}],"wp:attachment":[{"href":"https:\/\/dr1.com\/news\/wp-json\/wp\/v2\/media?parent=231758"}],"wp:term":[{"taxonomy":"category","embeddable":true,"href":"https:\/\/dr1.com\/news\/wp-json\/wp\/v2\/categories?post=231758"},{"taxonomy":"post_tag","embeddable":true,"href":"https:\/\/dr1.com\/news\/wp-json\/wp\/v2\/tags?post=231758"}],"curies":[{"name":"wp","href":"https:\/\/api.w.org\/{rel}","templated":true}]}}