{"id":231838,"date":"2025-02-25T03:52:02","date_gmt":"2025-02-25T07:52:02","guid":{"rendered":"https:\/\/dr1.com\/news\/?p=231838"},"modified":"2025-02-25T08:45:13","modified_gmt":"2025-02-25T12:45:13","slug":"carnival-in-santo-domingo-on-sunday-2-march-2025","status":"publish","type":"post","link":"https:\/\/dr1.com\/news\/2025\/02\/25\/carnival-in-santo-domingo-on-sunday-2-march-2025\/","title":{"rendered":"Carnival in Santo Domingo on Sunday, 2 March 2025"},"content":{"rendered":"\n<div class=\"wp-block-image\"><figure class=\"aligncenter size-large is-resized\"><img src=\"https:\/\/dr1.com\/news\/wp-content\/uploads\/2025\/02\/Carnaval-Distrito-Nacional-El-Nuevo-Diario-1024x676.png\" alt=\"\" class=\"wp-image-231923\" width=\"600\" srcset=\"https:\/\/dr1.com\/news\/wp-content\/uploads\/2025\/02\/Carnaval-Distrito-Nacional-El-Nuevo-Diario-1024x676.png 1024w, https:\/\/dr1.com\/news\/wp-content\/uploads\/2025\/02\/Carnaval-Distrito-Nacional-El-Nuevo-Diario-300x198.png 300w, https:\/\/dr1.com\/news\/wp-content\/uploads\/2025\/02\/Carnaval-Distrito-Nacional-El-Nuevo-Diario-768x507.png 768w, https:\/\/dr1.com\/news\/wp-content\/uploads\/2025\/02\/Carnaval-Distrito-Nacional-El-Nuevo-Diario-1536x1015.png 1536w, https:\/\/dr1.com\/news\/wp-content\/uploads\/2025\/02\/Carnaval-Distrito-Nacional-El-Nuevo-Diario-2048x1353.png 2048w\" sizes=\"(max-width: 706px) 89vw, (max-width: 767px) 82vw, 740px\" \/><\/figure><\/div>\n\n\n\n<p>The capital city carnival parade is set for Sunday, 2 March 2025 along the Malecon starting at 3pm. This is an event for all the family. The carnival this year is dedicated to former Vice President Milagros Ortiz Bosch. Juan Carlos N\u00fa\u00f1ez &#8220;Kiko&#8221; and Paulina Ram\u00edrez have been crowned as the king and queen of the carnival.<\/p>\n\n\n\n<p>The parade will stroll along the Malecon from the so-called Obelisco Hembra to the Obelisco Macho with around 80 troupes registered. The participants will compete for RD$2 million in cash prizes.<\/p>\n\n\n\n<p>In addition to the parade, the music groups Bulin 47, Jey One, Jandy Ventura, Luis Miguel del Amargue and Sttefany Constanza have been booked to provide live entertainment, centered at the Eugenio Maria de Hostos Park.<\/p>\n\n\n\n<p>The National District carnival is organized by the city government of Santo Domingo and the Ministry of Culture.<\/p>\n\n\n\n<p>Read more in Spanish:<br><a href=\"https:\/\/elnuevodiario.com.do\/anuncian-desfile-del-carnaval-del-distrito-nacional-sera-el-domingo-2-de-marzo\/\">El Nuevo Diario <\/a><br><a href=\"https:\/\/noticiassin.com\/estos-son-los-artistas-confirmados-que-se-presentaran-en-el-carnaval-del-distrito-nacional-1795176\/\">Noticias SIN <\/a><br><a href=\"https:\/\/noticiassin.com\/alcaldia-anuncia-desfile-del-carnaval-del-distrito-nacional-sera-el-domingo-02-de-marzo-1794447\/\">Noticias SIN <\/a><\/p>\n\n\n\n<p>25 February 2025<\/p>\n","protected":false},"excerpt":{"rendered":"<p>The capital city carnival parade is set for Sunday, 2 March 2025 along the Malecon starting at 3pm. This is an event for all the family. The carnival this year is dedicated to former Vice President Milagros Ortiz Bosch. Juan Carlos N\u00fa\u00f1ez &#8220;Kiko&#8221; and Paulina Ram\u00edrez have been crowned as the king and queen of &hellip; <\/p>\n<p class=\"link-more\"><a href=\"https:\/\/dr1.com\/news\/2025\/02\/25\/carnival-in-santo-domingo-on-sunday-2-march-2025\/\" class=\"more-link\">Read more\u2026<\/a><\/p>\n","protected":false},"author":2,"featured_media":0,"comment_status":"closed","ping_status":"closed","sticky":false,"template":"","format":"standard","meta":[],"categories":[339,15],"tags":[],"_links":{"self":[{"href":"https:\/\/dr1.com\/news\/wp-json\/wp\/v2\/posts\/231838"}],"collection":[{"href":"https:\/\/dr1.com\/news\/wp-json\/wp\/v2\/posts"}],"about":[{"href":"https:\/\/dr1.com\/news\/wp-json\/wp\/v2\/types\/post"}],"author":[{"embeddable":true,"href":"https:\/\/dr1.com\/news\/wp-json\/wp\/v2\/users\/2"}],"replies":[{"embeddable":true,"href":"https:\/\/dr1.com\/news\/wp-json\/wp\/v2\/comments?post=231838"}],"version-history":[{"count":2,"href":"https:\/\/dr1.com\/news\/wp-json\/wp\/v2\/posts\/231838\/revisions"}],"predecessor-version":[{"id":231924,"href":"https:\/\/dr1.com\/news\/wp-json\/wp\/v2\/posts\/231838\/revisions\/231924"}],"wp:attachment":[{"href":"https:\/\/dr1.com\/news\/wp-json\/wp\/v2\/media?parent=231838"}],"wp:term":[{"taxonomy":"category","embeddable":true,"href":"https:\/\/dr1.com\/news\/wp-json\/wp\/v2\/categories?post=231838"},{"taxonomy":"post_tag","embeddable":true,"href":"https:\/\/dr1.com\/news\/wp-json\/wp\/v2\/tags?post=231838"}],"curies":[{"name":"wp","href":"https:\/\/api.w.org\/{rel}","templated":true}]}}