{"id":232207,"date":"2025-03-04T08:39:39","date_gmt":"2025-03-04T12:39:39","guid":{"rendered":"https:\/\/dr1.com\/news\/?p=232207"},"modified":"2025-03-04T09:46:33","modified_gmt":"2025-03-04T13:46:33","slug":"more-congratulations-more-stories-shared-to-celebrate-zoe-saldana","status":"publish","type":"post","link":"https:\/\/dr1.com\/news\/2025\/03\/04\/more-congratulations-more-stories-shared-to-celebrate-zoe-saldana\/","title":{"rendered":"More congratulations, more stories shared to celebrate Zoe Salda\u00f1a"},"content":{"rendered":"\n<div class=\"wp-block-image\"><figure class=\"aligncenter size-large is-resized\"><img src=\"https:\/\/dr1.com\/news\/wp-content\/uploads\/2025\/03\/Zoe-Saldan\u0303a-Oscars-Apuntes-1024x512.png\" alt=\"\" class=\"wp-image-232229\" width=\"600\" srcset=\"https:\/\/dr1.com\/news\/wp-content\/uploads\/2025\/03\/Zoe-Saldan\u0303a-Oscars-Apuntes-1024x512.png 1024w, https:\/\/dr1.com\/news\/wp-content\/uploads\/2025\/03\/Zoe-Saldan\u0303a-Oscars-Apuntes-300x150.png 300w, https:\/\/dr1.com\/news\/wp-content\/uploads\/2025\/03\/Zoe-Saldan\u0303a-Oscars-Apuntes-768x384.png 768w, https:\/\/dr1.com\/news\/wp-content\/uploads\/2025\/03\/Zoe-Saldan\u0303a-Oscars-Apuntes-1536x769.png 1536w, https:\/\/dr1.com\/news\/wp-content\/uploads\/2025\/03\/Zoe-Saldan\u0303a-Oscars-Apuntes-2048x1025.png 2048w\" sizes=\"(max-width: 706px) 89vw, (max-width: 767px) 82vw, 740px\" \/><\/figure><\/div>\n\n\n\n<p>Vice President Raquel Pe\u00f1a congratulated Dominican actress Zoe Salda\u00f1a for becoming the first Dominican to win an Oscar. Vice President Pe\u00f1a corroborated that Salda\u00f1a has made all Dominicans proud. <\/p>\n\n\n\n<p>Salda\u00f1a won the Best Supporting Actress Oscar for her role in Emilia Perez. The song she sings and dances to in the film, \u201cEl Mal\u201d also won the best original score.<\/p>\n\n\n\n<p>Salda\u00f1a is only the third Latin American actress to win in this category, joining Rita Moreno (1962) and Ariana DeBose (2022), two Puerto Ricans who performed in versions of the West Side Story.<\/p>\n\n\n\n<p>As the world celebrates Zoe Salda\u00f1a winning an Oscar, more stories are coming forth on the outstanding life of the artist.<\/p>\n\n\n\n<p>Read more:<br><a href=\"https:\/\/noticiassin.com\/raquel-pena-a-zoe-saldana-eres-un-orgullo-para-todos-los-dominicanos-1798288\/\">Noticias SIN <\/a><br><a href=\"https:\/\/noticiassin.com\/exclusiva-padres-de-zoe-saldana-dicen-ella-es-dominicana-que-es-lo-que-tanto-molestan-ella-come-platano-y-arroz-con-habichuela-1798127\/\">Noticias SIN <\/a><br><a href=\"https:\/\/noticiassin.com\/ministro-de-cultura-a-zoe-saldana-estamos-profundamente-orgullosos-de-ti-1798303\/\">Noticias SIN <\/a><br><a href=\"https:\/\/www.nj.com\/entertainment\/2025\/03\/zoe-saldana-wins-first-oscar-for-emilia-perez-in-awards-season-sweep.html\">NJ <\/a><br><a href=\"https:\/\/listindiario.com\/entretenimiento\/farandula\/20250304\/zoe-saldana-historia-familiar-le-merece-oscar_847967.html\">Listin Diario <\/a><br><a href=\"https:\/\/www.harpersbazaar.com\/uk\/fashion\/jewellery-watches\/a64014745\/zoe-saldana-oscars-necklace\/\">Harpers Bazaar <\/a><br><a href=\"https:\/\/www.harpersbazaar.com\/culture\/film-tv\/a63360950\/zoe-saldana-emilia-perez-interview-2025\/\">Harpers Bazaar<\/a> <br><a href=\"https:\/\/eldia.com.do\/el-orgullo-dominicano-se-deja-sentir-tras-zoe-saldana-ganar-el-oscar\/\">El Dia <\/a><br><a href=\"https:\/\/listindiario.com\/entretenimiento\/farandula\/20250304\/zoe-saldana-historia-familiar-le-merece-oscar_847967.html\">Listin Diario <\/a><br><a href=\"https:\/\/www.diariolibre.com\/revista\/cine\/2025\/03\/03\/padrastro-de-zoe-saldana-defiende-su-identidad-dominicana\/3019136\">Diario Libre <\/a><\/p>\n\n\n\n<p>4 March 2025<\/p>\n","protected":false},"excerpt":{"rendered":"<p>Vice President Raquel Pe\u00f1a congratulated Dominican actress Zoe Salda\u00f1a for becoming the first Dominican to win an Oscar. Vice President Pe\u00f1a corroborated that Salda\u00f1a has made all Dominicans proud. Salda\u00f1a won the Best Supporting Actress Oscar for her role in Emilia Perez. The song she sings and dances to in the film, \u201cEl Mal\u201d also &hellip; <\/p>\n<p class=\"link-more\"><a href=\"https:\/\/dr1.com\/news\/2025\/03\/04\/more-congratulations-more-stories-shared-to-celebrate-zoe-saldana\/\" class=\"more-link\">Read more\u2026<\/a><\/p>\n","protected":false},"author":2,"featured_media":0,"comment_status":"closed","ping_status":"closed","sticky":false,"template":"","format":"standard","meta":[],"categories":[337,3],"tags":[],"_links":{"self":[{"href":"https:\/\/dr1.com\/news\/wp-json\/wp\/v2\/posts\/232207"}],"collection":[{"href":"https:\/\/dr1.com\/news\/wp-json\/wp\/v2\/posts"}],"about":[{"href":"https:\/\/dr1.com\/news\/wp-json\/wp\/v2\/types\/post"}],"author":[{"embeddable":true,"href":"https:\/\/dr1.com\/news\/wp-json\/wp\/v2\/users\/2"}],"replies":[{"embeddable":true,"href":"https:\/\/dr1.com\/news\/wp-json\/wp\/v2\/comments?post=232207"}],"version-history":[{"count":3,"href":"https:\/\/dr1.com\/news\/wp-json\/wp\/v2\/posts\/232207\/revisions"}],"predecessor-version":[{"id":232260,"href":"https:\/\/dr1.com\/news\/wp-json\/wp\/v2\/posts\/232207\/revisions\/232260"}],"wp:attachment":[{"href":"https:\/\/dr1.com\/news\/wp-json\/wp\/v2\/media?parent=232207"}],"wp:term":[{"taxonomy":"category","embeddable":true,"href":"https:\/\/dr1.com\/news\/wp-json\/wp\/v2\/categories?post=232207"},{"taxonomy":"post_tag","embeddable":true,"href":"https:\/\/dr1.com\/news\/wp-json\/wp\/v2\/tags?post=232207"}],"curies":[{"name":"wp","href":"https:\/\/api.w.org\/{rel}","templated":true}]}}