{"id":232700,"date":"2025-03-12T07:52:00","date_gmt":"2025-03-12T11:52:00","guid":{"rendered":"https:\/\/dr1.com\/news\/?p=232700"},"modified":"2025-03-12T09:03:58","modified_gmt":"2025-03-12T13:03:58","slug":"dont-they-have-something-more-important-to-legislate-about-will-peravia-become-maximo-gomez-province","status":"publish","type":"post","link":"https:\/\/dr1.com\/news\/2025\/03\/12\/dont-they-have-something-more-important-to-legislate-about-will-peravia-become-maximo-gomez-province\/","title":{"rendered":"Don\u2019t they have something more important to legislate about? Will Peravia become Maximo Gomez province?"},"content":{"rendered":"\n<div class=\"wp-block-image\"><figure class=\"aligncenter size-large is-resized\"><img src=\"https:\/\/dr1.com\/news\/wp-content\/uploads\/2025\/03\/Luis-Baez-Diputado-Peravia-Diario-Libre-1024x571.png\" alt=\"\" class=\"wp-image-232745\" width=\"600\" srcset=\"https:\/\/dr1.com\/news\/wp-content\/uploads\/2025\/03\/Luis-Baez-Diputado-Peravia-Diario-Libre-1024x571.png 1024w, https:\/\/dr1.com\/news\/wp-content\/uploads\/2025\/03\/Luis-Baez-Diputado-Peravia-Diario-Libre-300x167.png 300w, https:\/\/dr1.com\/news\/wp-content\/uploads\/2025\/03\/Luis-Baez-Diputado-Peravia-Diario-Libre-768x428.png 768w, https:\/\/dr1.com\/news\/wp-content\/uploads\/2025\/03\/Luis-Baez-Diputado-Peravia-Diario-Libre-1536x856.png 1536w, https:\/\/dr1.com\/news\/wp-content\/uploads\/2025\/03\/Luis-Baez-Diputado-Peravia-Diario-Libre.png 1694w\" sizes=\"(max-width: 706px) 89vw, (max-width: 767px) 82vw, 740px\" \/><figcaption>Deputy Luis B\u00e1ez (Peravia-PRM) \/ Diario Libre<\/figcaption><\/figure><\/div>\n\n\n\n<p>One would wonder if on the agenda of the legislators at the Chamber of Deputies in the Dominican Republic there are not more important bills to be studying and championing than the changing of the name of a province.<\/p>\n\n\n\n<p>But, Deputy Luis Alcides Baez (Peravia-PRM) is convincing deputies and senators that the time is right to change the name of the southcentral province of Peravia. He insists that Maximo Gomez is a better name for the province. The general has a museum in his honor in Bani, capital of Peravia province.<\/p>\n\n\n\n<p>The province received the name of Peravia for the wife of a little known relative of Christopher Columbus, Ana de Peravia, who had never lived in the province. No historic relevance or outstanding reasons for the naming have been found. To tell the truth, only now are people finding out where the name of the province has come from. Most people simply refer to the province as Bani.<\/p>\n\n\n\n<p>CDN reports that so far, around 70 legislators back the initiative by Luis Baez.<\/p>\n\n\n\n<p>Born in Bani, M\u00e1ximo G\u00f3mez B\u00e1ez (1836-1905), was a key figure in the Cuban War of Independence, serving as a General\u00edsimo and commander-in-chief of the Cuban revolutionary forces against Spain.<\/p>\n\n\n\n<p>M\u00e1ximo G\u00f3mez first served in the Dominican army and later commanded Spanish reserve forces in Santo Domingo.<\/p>\n\n\n\n<p>He became a prominent figure in Cuba&#8217;s struggles for independence, participating in the Ten Years&#8217; War (1868-1878) and later leading the Cuban revolutionary forces in the 1895-1898 war against Spain.<\/p>\n\n\n\n<p>M\u00e1ximo G\u00f3mez is also known for his controversial scorched-earth policy, which involved destroying property and resources to weaken the Spanish forces, including dynamiting trains and burning plantations.<\/p>\n\n\n\n<p>He worked closely with the Cuban revolutionary leader Jose Marti.<\/p>\n\n\n\n<p>The bill is getting sent to a committee that will decide whether it is important enough to move to the floor.<\/p>\n\n\n\n<p>Read more in Spanish:<br><a href=\"https:\/\/www.diariolibre.com\/politica\/congreso-nacional\/2025\/03\/10\/proponen-cambio-de-nombre-a-peravia\/3027688\">Diario Libre <\/a><br><a href=\"https:\/\/cdn.com.do\/nacionales\/por-que-se-llama-peravia-y-para-que-quieren-cambiar-su-nombre\/\">CDN <\/a><\/p>\n\n\n\n<p>12 March 2025<\/p>\n","protected":false},"excerpt":{"rendered":"<p>One would wonder if on the agenda of the legislators at the Chamber of Deputies in the Dominican Republic there are not more important bills to be studying and championing than the changing of the name of a province. But, Deputy Luis Alcides Baez (Peravia-PRM) is convincing deputies and senators that the time is right &hellip; <\/p>\n<p class=\"link-more\"><a href=\"https:\/\/dr1.com\/news\/2025\/03\/12\/dont-they-have-something-more-important-to-legislate-about-will-peravia-become-maximo-gomez-province\/\" class=\"more-link\">Read more\u2026<\/a><\/p>\n","protected":false},"author":2,"featured_media":0,"comment_status":"closed","ping_status":"closed","sticky":false,"template":"","format":"standard","meta":[],"categories":[337,3],"tags":[],"_links":{"self":[{"href":"https:\/\/dr1.com\/news\/wp-json\/wp\/v2\/posts\/232700"}],"collection":[{"href":"https:\/\/dr1.com\/news\/wp-json\/wp\/v2\/posts"}],"about":[{"href":"https:\/\/dr1.com\/news\/wp-json\/wp\/v2\/types\/post"}],"author":[{"embeddable":true,"href":"https:\/\/dr1.com\/news\/wp-json\/wp\/v2\/users\/2"}],"replies":[{"embeddable":true,"href":"https:\/\/dr1.com\/news\/wp-json\/wp\/v2\/comments?post=232700"}],"version-history":[{"count":3,"href":"https:\/\/dr1.com\/news\/wp-json\/wp\/v2\/posts\/232700\/revisions"}],"predecessor-version":[{"id":232747,"href":"https:\/\/dr1.com\/news\/wp-json\/wp\/v2\/posts\/232700\/revisions\/232747"}],"wp:attachment":[{"href":"https:\/\/dr1.com\/news\/wp-json\/wp\/v2\/media?parent=232700"}],"wp:term":[{"taxonomy":"category","embeddable":true,"href":"https:\/\/dr1.com\/news\/wp-json\/wp\/v2\/categories?post=232700"},{"taxonomy":"post_tag","embeddable":true,"href":"https:\/\/dr1.com\/news\/wp-json\/wp\/v2\/tags?post=232700"}],"curies":[{"name":"wp","href":"https:\/\/api.w.org\/{rel}","templated":true}]}}