{"id":234778,"date":"2025-04-28T07:09:03","date_gmt":"2025-04-28T11:09:03","guid":{"rendered":"https:\/\/dr1.com\/news\/?p=234778"},"modified":"2025-04-28T08:55:54","modified_gmt":"2025-04-28T12:55:54","slug":"a-controversial-member-of-the-chamber-of-accounts-francisco-franco","status":"publish","type":"post","link":"https:\/\/dr1.com\/news\/2025\/04\/28\/a-controversial-member-of-the-chamber-of-accounts-francisco-franco\/","title":{"rendered":"A controversial member of the Chamber of Accounts: Francisco Franco"},"content":{"rendered":"\n<div class=\"wp-block-image\"><figure class=\"aligncenter size-large is-resized\"><img src=\"https:\/\/dr1.com\/news\/wp-content\/uploads\/2025\/04\/Francisco-Franco-Soto-Diario-Libre-1024x605.png\" alt=\"\" class=\"wp-image-234883\" width=\"600\" srcset=\"https:\/\/dr1.com\/news\/wp-content\/uploads\/2025\/04\/Francisco-Franco-Soto-Diario-Libre-1024x605.png 1024w, https:\/\/dr1.com\/news\/wp-content\/uploads\/2025\/04\/Francisco-Franco-Soto-Diario-Libre-300x177.png 300w, https:\/\/dr1.com\/news\/wp-content\/uploads\/2025\/04\/Francisco-Franco-Soto-Diario-Libre-768x454.png 768w, https:\/\/dr1.com\/news\/wp-content\/uploads\/2025\/04\/Francisco-Franco-Soto-Diario-Libre-1536x907.png 1536w, https:\/\/dr1.com\/news\/wp-content\/uploads\/2025\/04\/Francisco-Franco-Soto-Diario-Libre.png 1666w\" sizes=\"(max-width: 706px) 89vw, (max-width: 767px) 82vw, 740px\" \/><\/figure><\/div>\n\n\n\n<p>A shadow of doubt is cast over the new Chamber of Accounts member, Francisco Franco. Diario Libre reports that the lawyer was selected despite having been immersed in a conflict of interest legal battle over state-funded contract to defend former officials accused of corruption.<\/p>\n\n\n\n<p>Diario Libre explains that the cloud of controversy surrounding the new member of the Dominican Republic&#8217;s Chamber of Accounts, Francisco Franco dates back to a previous Chamber of Accounts membership.<\/p>\n\n\n\n<p>Diario Libre reports that Francisco Franco Soto was sworn in as a member of the Chamber of Accounts by the Senate last week despite the ongoing legal battle regarding a contract he had signed to defend former Chamber president Hugo Francisco \u00c1lvarez P\u00e9rez (2017-2021) and two other members accused of &#8220;doctoring audits.&#8221;<\/p>\n\n\n\n<p>The legal services to defend \u00c1lvarez P\u00e9rez, F\u00e9lix \u00c1lvarez Rivera, and Carlos No\u00e9 Tejada D\u00edaz\u2014who are being investigated in the Operaci\u00f3n Caracol case\u2014were contracted with Franco Soto and other lawyers for a sum exceeding RD$6 million, paid by the state institution itself.<\/p>\n\n\n\n<p>The Chamber of Accounts, led by Janel Ram\u00edrez S\u00e1nchez, who replaced \u00c1lvarez P\u00e9rez&#8217;s administration, requested four years ago that the Administrative Superior Court (TSA) declare the resolution DEC-X-2021-001, which contracted the legal firm &#8220;Abogados Inteligencia Legal, S.R.L.,&#8221; represented by Jennifer Rodr\u00edguez G\u00f3mez and Francisco Franco Soto, as harmful to the public interest.<\/p>\n\n\n\n<p>The outgoing Chamber members understood that their predecessors should have paid for their defense against corruption accusations with their own resources, not state funds.<\/p>\n\n\n\n<p>On 31 January 2023, the Fifth Room of the TSA issued a sentence welcoming the Chamber&#8217;s request and declared the resolution null and void as it was issued &#8220;in violation of established regulations.&#8221;<\/p>\n\n\n\n<p>However, the ruling was appealed, and the Supreme Court of Justice (SCJ) referred the case to the Fourth Room of the TSA due to the original ruling&#8217;s &#8220;formal defect related to its motivation.&#8221;<\/p>\n\n\n\n<p>This latter court, the Fourth Room of the TSA, issued its sentence on 26 December 2024, just days after the Chamber of Deputies had concluded interviews with candidates for the external control body of public resources. The procedure is for the Chamber of Deputies to present the selection of candidates for the Chamber of Deputies to the Senate that has the last vote in Congress. This decision maintained the validity of the contract with &#8220;Inteligencia Legal, SRL and Francisco Franco Soto&#8221; as meeting all legal requirements.<\/p>\n\n\n\n<p>The judges of the Fourth Room of the TSA argued that the Chamber&#8217;s Resolution ADM-2021-X-008, issued on 1 November 2021, declaring the contract harmful, lacked justification and motivation for its unilateral revocation. Judges Rom\u00e1n A. Berroga Hiciano (President), Claudia M. Pe\u00f1a Pe\u00f1a, and Cecilia Bad\u00eda Rosario also alleged that the &#8220;Administration cannot prejudice the administrator in favor of whom the act was issued or third parties who may be affected.&#8221;<\/p>\n\n\n\n<p>They further contended that the Chamber &#8220;violated the right to defense and the principle of legal certainty favoring the opposing parties by initiating a process of declaring harm without specifying the contradiction to the law and the injury caused to the general public interest that would invalidate it.&#8221;<\/p>\n\n\n\n<p>Read more in Spanish:<br><a href=\"https:\/\/www.diariolibre.com\/actualidad\/justicia\/2025\/04\/25\/francisco-franco-elegido-para-cc-en-medio-de-litis-con-ese-organismo\/3084327\">Diario Libre <\/a><\/p>\n\n\n\n<p>28 April 2025<\/p>\n","protected":false},"excerpt":{"rendered":"<p>A shadow of doubt is cast over the new Chamber of Accounts member, Francisco Franco. Diario Libre reports that the lawyer was selected despite having been immersed in a conflict of interest legal battle over state-funded contract to defend former officials accused of corruption. Diario Libre explains that the cloud of controversy surrounding the new &hellip; <\/p>\n<p class=\"link-more\"><a href=\"https:\/\/dr1.com\/news\/2025\/04\/28\/a-controversial-member-of-the-chamber-of-accounts-francisco-franco\/\" class=\"more-link\">Read more\u2026<\/a><\/p>\n","protected":false},"author":2,"featured_media":0,"comment_status":"closed","ping_status":"closed","sticky":false,"template":"","format":"standard","meta":[],"categories":[337,3],"tags":[],"_links":{"self":[{"href":"https:\/\/dr1.com\/news\/wp-json\/wp\/v2\/posts\/234778"}],"collection":[{"href":"https:\/\/dr1.com\/news\/wp-json\/wp\/v2\/posts"}],"about":[{"href":"https:\/\/dr1.com\/news\/wp-json\/wp\/v2\/types\/post"}],"author":[{"embeddable":true,"href":"https:\/\/dr1.com\/news\/wp-json\/wp\/v2\/users\/2"}],"replies":[{"embeddable":true,"href":"https:\/\/dr1.com\/news\/wp-json\/wp\/v2\/comments?post=234778"}],"version-history":[{"count":10,"href":"https:\/\/dr1.com\/news\/wp-json\/wp\/v2\/posts\/234778\/revisions"}],"predecessor-version":[{"id":234885,"href":"https:\/\/dr1.com\/news\/wp-json\/wp\/v2\/posts\/234778\/revisions\/234885"}],"wp:attachment":[{"href":"https:\/\/dr1.com\/news\/wp-json\/wp\/v2\/media?parent=234778"}],"wp:term":[{"taxonomy":"category","embeddable":true,"href":"https:\/\/dr1.com\/news\/wp-json\/wp\/v2\/categories?post=234778"},{"taxonomy":"post_tag","embeddable":true,"href":"https:\/\/dr1.com\/news\/wp-json\/wp\/v2\/tags?post=234778"}],"curies":[{"name":"wp","href":"https:\/\/api.w.org\/{rel}","templated":true}]}}