{"id":237751,"date":"2025-06-23T08:48:50","date_gmt":"2025-06-23T12:48:50","guid":{"rendered":"https:\/\/dr1.com\/news\/?p=237751"},"modified":"2025-06-23T09:59:55","modified_gmt":"2025-06-23T13:59:55","slug":"city-hall-announces-start-of-sports-and-recreational-facilities-on-western-end-of-the-malecon","status":"publish","type":"post","link":"https:\/\/dr1.com\/news\/2025\/06\/23\/city-hall-announces-start-of-sports-and-recreational-facilities-on-western-end-of-the-malecon\/","title":{"rendered":"City Hall announces start of sports and recreational facilities on western end of the Malecon"},"content":{"rendered":"\n<div class=\"wp-block-image\"><figure class=\"aligncenter size-large is-resized\"><img src=\"https:\/\/dr1.com\/news\/wp-content\/uploads\/2025\/06\/Carolina-Mejia-y-Luis-Abinader-Malecon-Deportivo-Diario-Libre-1024x578.png\" alt=\"\" class=\"wp-image-237792\" width=\"600\" srcset=\"https:\/\/dr1.com\/news\/wp-content\/uploads\/2025\/06\/Carolina-Mejia-y-Luis-Abinader-Malecon-Deportivo-Diario-Libre-1024x578.png 1024w, https:\/\/dr1.com\/news\/wp-content\/uploads\/2025\/06\/Carolina-Mejia-y-Luis-Abinader-Malecon-Deportivo-Diario-Libre-300x169.png 300w, https:\/\/dr1.com\/news\/wp-content\/uploads\/2025\/06\/Carolina-Mejia-y-Luis-Abinader-Malecon-Deportivo-Diario-Libre-768x434.png 768w, https:\/\/dr1.com\/news\/wp-content\/uploads\/2025\/06\/Carolina-Mejia-y-Luis-Abinader-Malecon-Deportivo-Diario-Libre-1536x867.png 1536w, https:\/\/dr1.com\/news\/wp-content\/uploads\/2025\/06\/Carolina-Mejia-y-Luis-Abinader-Malecon-Deportivo-Diario-Libre.png 1782w\" sizes=\"(max-width: 706px) 89vw, (max-width: 767px) 82vw, 740px\" \/><\/figure><\/div>\n\n\n\n<p>On 18 June 2025, President Luis Abinader joined capital city Mayor Carolina Mejia for the official start of the Malecon Deportivo from Av. N\u00fa\u00f1ez de C\u00e1ceres to Av. Luperon, the major recreational project along Santo Domingo\u2019s waterfront, expected to be completed in early 2026\u2014just in time for the 25th Central American and Caribbean Games.<\/p>\n\n\n\n<p>The extension completes the seafronting recreational area shortly before the Port of Haina entrance on the western side, with bicycling routes, paths, lighting, security and parking. The proposal is a priority of the second term of the Carolina Mejia capital city government.<\/p>\n\n\n\n<p>The Malecon Deportivo initiative, aimed at promoting active lifestyles and offering public spaces for physical activity, seeks to transform the city\u2019s iconic waterfront into a vibrant, multifunctional sports and leisure hub.<\/p>\n\n\n\n<p>\u201cThis will be a space where citizens can exercise by the sea,\u201d said Mej\u00eda during the groundbreaking ceremony. She did not disclose the total investment in the project, but President Luis Abinader announced his strong support to the project. President Abinader emphasized that beyond urban development, projects like this are intended to enhance citizens\u2019 quality of life.<\/p>\n\n\n\n<p>While the venue won\u2019t serve as a direct site for the Games, it is expected to benefit athletes, residents, and tourists alike, Mej\u00eda noted.<\/p>\n\n\n\n<p>Neverthless, Central American and Caribbean Games organizers have said that the 50,000 meter former Maharishi school park area under construction on the north side of the Malecon will be a venue for the skate racing competitions of the 2026 Santo Domingo games is a complement to the sea-bordering project announced this past week. This park area will be accessed from the Av. Independencia to its north to the Malecon on the south side. <\/p>\n\n\n\n<p>Mayor Mejia explained that the Malec\u00f3n Deportivo is part of the broader Santo Domingo Integrated Plan and will feature a skatepark, basketball and beach volleyball courts, soccer fields, children\u2019s play areas, shaded bleachers, restrooms, and food stalls.<\/p>\n\n\n\n<p>It will also include a wellness zone, commercial spaces, scenic viewpoints, and a reintegration of the Monument to the Heroes of 30 May that commemorates the assassination of dictator Trujillo.<\/p>\n\n\n\n<p>Mejia said the Malecon Deportivo is an extension of the Paseo Maritimo, the successful public space, built during her first term as part of renovations of the 14 km sea-bordering Malecon that runs from the Colonial City historic area to Haina Port on the western end.<\/p>\n\n\n\n<p>The Malecon renovations projects are major achievements Mejia hopes to show to get people to vote for her as the next President. Mejia seeks to be the ruling political party\u2019s next presidential candidate in 2028.<\/p>\n\n\n\n<p>Read more in Spanish:<br><a href=\"https:\/\/www.diariolibre.com\/actualidad\/ciudad\/2025\/06\/18\/inician-construccion-del-malecon-deportivo-en-sd-concluira-en-2026\/3154514\">Diario Libre <\/a><br><a href=\"https:\/\/www.youtube.com\/watch?v=Q0ttsuYuxrY\">CDN <\/a><br><a href=\"https:\/\/www.instagram.com\/urbe.rd\/p\/DLGJB5vJN2y\/?img_index=1\">Urbe <\/a><\/p>\n\n\n\n<p>23 June 2025<\/p>\n","protected":false},"excerpt":{"rendered":"<p>On 18 June 2025, President Luis Abinader joined capital city Mayor Carolina Mejia for the official start of the Malecon Deportivo from Av. N\u00fa\u00f1ez de C\u00e1ceres to Av. Luperon, the major recreational project along Santo Domingo\u2019s waterfront, expected to be completed in early 2026\u2014just in time for the 25th Central American and Caribbean Games. The &hellip; <\/p>\n<p class=\"link-more\"><a href=\"https:\/\/dr1.com\/news\/2025\/06\/23\/city-hall-announces-start-of-sports-and-recreational-facilities-on-western-end-of-the-malecon\/\" class=\"more-link\">Read more\u2026<\/a><\/p>\n","protected":false},"author":2,"featured_media":0,"comment_status":"closed","ping_status":"closed","sticky":false,"template":"","format":"standard","meta":[],"categories":[337,3],"tags":[],"_links":{"self":[{"href":"https:\/\/dr1.com\/news\/wp-json\/wp\/v2\/posts\/237751"}],"collection":[{"href":"https:\/\/dr1.com\/news\/wp-json\/wp\/v2\/posts"}],"about":[{"href":"https:\/\/dr1.com\/news\/wp-json\/wp\/v2\/types\/post"}],"author":[{"embeddable":true,"href":"https:\/\/dr1.com\/news\/wp-json\/wp\/v2\/users\/2"}],"replies":[{"embeddable":true,"href":"https:\/\/dr1.com\/news\/wp-json\/wp\/v2\/comments?post=237751"}],"version-history":[{"count":3,"href":"https:\/\/dr1.com\/news\/wp-json\/wp\/v2\/posts\/237751\/revisions"}],"predecessor-version":[{"id":237793,"href":"https:\/\/dr1.com\/news\/wp-json\/wp\/v2\/posts\/237751\/revisions\/237793"}],"wp:attachment":[{"href":"https:\/\/dr1.com\/news\/wp-json\/wp\/v2\/media?parent=237751"}],"wp:term":[{"taxonomy":"category","embeddable":true,"href":"https:\/\/dr1.com\/news\/wp-json\/wp\/v2\/categories?post=237751"},{"taxonomy":"post_tag","embeddable":true,"href":"https:\/\/dr1.com\/news\/wp-json\/wp\/v2\/tags?post=237751"}],"curies":[{"name":"wp","href":"https:\/\/api.w.org\/{rel}","templated":true}]}}