{"id":238832,"date":"2025-07-21T03:40:33","date_gmt":"2025-07-21T07:40:33","guid":{"rendered":"https:\/\/dr1.com\/news\/?p=238832"},"modified":"2025-07-21T08:58:53","modified_gmt":"2025-07-21T12:58:53","slug":"government-commission-for-new-baseball-stadium-says-private-sector-will-put-the-cash","status":"publish","type":"post","link":"https:\/\/dr1.com\/news\/2025\/07\/21\/government-commission-for-new-baseball-stadium-says-private-sector-will-put-the-cash\/","title":{"rendered":"Government commission for new baseball stadium says private sector will put the cash"},"content":{"rendered":"\n<div class=\"wp-block-image\"><figure class=\"aligncenter size-large is-resized\"><img src=\"https:\/\/dr1.com\/news\/wp-content\/uploads\/2025\/07\/Nuevo-Estadio-Quisqueya-Juan-Marichal-Hoy-1024x496.png\" alt=\"\" class=\"wp-image-238897\" width=\"600\" srcset=\"https:\/\/dr1.com\/news\/wp-content\/uploads\/2025\/07\/Nuevo-Estadio-Quisqueya-Juan-Marichal-Hoy-1024x496.png 1024w, https:\/\/dr1.com\/news\/wp-content\/uploads\/2025\/07\/Nuevo-Estadio-Quisqueya-Juan-Marichal-Hoy-300x145.png 300w, https:\/\/dr1.com\/news\/wp-content\/uploads\/2025\/07\/Nuevo-Estadio-Quisqueya-Juan-Marichal-Hoy-768x372.png 768w, https:\/\/dr1.com\/news\/wp-content\/uploads\/2025\/07\/Nuevo-Estadio-Quisqueya-Juan-Marichal-Hoy-1536x745.png 1536w, https:\/\/dr1.com\/news\/wp-content\/uploads\/2025\/07\/Nuevo-Estadio-Quisqueya-Juan-Marichal-Hoy.png 2042w\" sizes=\"(max-width: 706px) 89vw, (max-width: 767px) 82vw, 740px\" \/><\/figure><\/div>\n\n\n\n<p>Former president of the Supreme Court of Justice Jorge Subero Isa, who is appointed to head the presidential commission for the La Fe neighborhood sports and residential development, shared some insights with the press on the ambitious redevelopment plans. At the center of the development are the plans for the reconstruction of the Quisqueya Juan Marichal Stadium and the surrounding area. The project involves the rebuilding of the stadium to Major League Baseball standards.<\/p>\n\n\n\n<p>Subero Isa explained to the press that the residential developments were added to make the project feasible. <\/p>\n\n\n\n<p>As reported in Hoy, Subero Isa said the project is about much more than baseball. His opening statements set the tone for the press conference:<br>\u201cThis is not just any commission.\u201d<br>\u201cThis is serious.\u201d<br>\u201cPresident Luis Abinader is highly enthusiastic about this project and what it means for the area.\u201d<br>\u201cThe government will not contribute a single peso in cash.\u201d<\/p>\n\n\n\n<p>Subero Isa emphasized that the initiative goes far beyond constructing a new stadium. The vision includes a modern sports facility, as well as the development of a hotel, shopping plaza, and residential projects. However, he was quick to clarify that nothing is set in stone just yet.<\/p>\n\n\n\n<p>According to Subero Isa, the appointed commission will take six months to study and present a full proposal. Only if the plan proves viable will it be submitted to President Abinader for approval.<\/p>\n\n\n\n<p>When asked by the Hoy reporter why the project wasn\u2019t focused solely on the stadium, Subero Isa stated: \u201cHonestly, building only the stadium wouldn\u2019t be profitable.\u201d<\/p>\n\n\n\n<p>He explained that the surrounding commercial and residential developments would be handled by private business groups, to make the overall project financially viable.<\/p>\n\n\n\n<p>And he doubled down: \u201cI\u2019ll say it clearly. The government is not building the stadium \u2014 it will only provide the land.\u201d<\/p>\n\n\n\n<p>\u201cThe President wants to bring Major League games here. He wants fans to enjoy a modern stadium \u2014 and we are going to make that happen,\u201d he said.<\/p>\n\n\n\n<p>In addition to Jorge Subero, other members of the commission were present, including  Olivo Rodr\u00edguez, Ang\u00e9lica Noboa, Elka Schecker, and Edgar Torres.<\/p>\n\n\n\n<p>As for future sports infrastructure \u2014 including the Carlos \u201cTeo\u201d Cruz boxing coliseum \u2014 Subero Isa advised patience: \u201cWe can\u2019t put the cart before the horse,\u201d he said.<\/p>\n\n\n\n<p>In June 2025, President Luis Abinader named the former president of the Supreme Court of Justice to chair a special advisory commission in charge of determining the feasibility of constructing a modern baseball stadium on government-owned land in the Ensanche La Fe sector of the National District.<\/p>\n\n\n\n<p>Other key public officials and private sector experts on the commission are the Minister of Sports, the general manager of the Development and Export Bank (Bandex), the executive director of the National Baseball Commissioner\u2019s Office, and legal specialists Ang\u00e9lica Noboa Pag\u00e1n, Elka Shecker Mendoza, Olivo Rodr\u00edguez Huertas. Edgar Torres Reynoso will serve as executive director.<\/p>\n\n\n\n<p>Read more:<br><a href=\"https:\/\/hoy.com.do\/el-play-va-gobierno-no-aportara-ni-un-peso-en-efectivo\/\">Hoy <\/a><br><a href=\"https:\/\/dr1.com\/news\/2025\/06\/26\/will-dr-soon-have-a-baseball-stadium-for-mlb-games\/\">DR1 News <\/a><\/p>\n\n\n\n<p>21 July 2025<\/p>\n","protected":false},"excerpt":{"rendered":"<p>Former president of the Supreme Court of Justice Jorge Subero Isa, who is appointed to head the presidential commission for the La Fe neighborhood sports and residential development, shared some insights with the press on the ambitious redevelopment plans. At the center of the development are the plans for the reconstruction of the Quisqueya Juan &hellip; <\/p>\n<p class=\"link-more\"><a href=\"https:\/\/dr1.com\/news\/2025\/07\/21\/government-commission-for-new-baseball-stadium-says-private-sector-will-put-the-cash\/\" class=\"more-link\">Read more\u2026<\/a><\/p>\n","protected":false},"author":2,"featured_media":0,"comment_status":"closed","ping_status":"closed","sticky":false,"template":"","format":"standard","meta":[],"categories":[337,3],"tags":[],"_links":{"self":[{"href":"https:\/\/dr1.com\/news\/wp-json\/wp\/v2\/posts\/238832"}],"collection":[{"href":"https:\/\/dr1.com\/news\/wp-json\/wp\/v2\/posts"}],"about":[{"href":"https:\/\/dr1.com\/news\/wp-json\/wp\/v2\/types\/post"}],"author":[{"embeddable":true,"href":"https:\/\/dr1.com\/news\/wp-json\/wp\/v2\/users\/2"}],"replies":[{"embeddable":true,"href":"https:\/\/dr1.com\/news\/wp-json\/wp\/v2\/comments?post=238832"}],"version-history":[{"count":3,"href":"https:\/\/dr1.com\/news\/wp-json\/wp\/v2\/posts\/238832\/revisions"}],"predecessor-version":[{"id":238898,"href":"https:\/\/dr1.com\/news\/wp-json\/wp\/v2\/posts\/238832\/revisions\/238898"}],"wp:attachment":[{"href":"https:\/\/dr1.com\/news\/wp-json\/wp\/v2\/media?parent=238832"}],"wp:term":[{"taxonomy":"category","embeddable":true,"href":"https:\/\/dr1.com\/news\/wp-json\/wp\/v2\/categories?post=238832"},{"taxonomy":"post_tag","embeddable":true,"href":"https:\/\/dr1.com\/news\/wp-json\/wp\/v2\/tags?post=238832"}],"curies":[{"name":"wp","href":"https:\/\/api.w.org\/{rel}","templated":true}]}}