{"id":239186,"date":"2025-07-28T06:49:51","date_gmt":"2025-07-28T10:49:51","guid":{"rendered":"https:\/\/dr1.com\/news\/?p=239186"},"modified":"2025-07-28T07:21:29","modified_gmt":"2025-07-28T11:21:29","slug":"jazz-lovers-luciana-souza-from-brazil-at-the-national-theater","status":"publish","type":"post","link":"https:\/\/dr1.com\/news\/2025\/07\/28\/jazz-lovers-luciana-souza-from-brazil-at-the-national-theater\/","title":{"rendered":"Jazz lovers: Luciana Souza from Brazil at the National Theater"},"content":{"rendered":"\n<div class=\"wp-block-image\"><figure class=\"aligncenter size-large is-resized\"><img src=\"https:\/\/dr1.com\/news\/wp-content\/uploads\/2025\/07\/Luciana-Souza-Hoy-1024x710.png\" alt=\"\" class=\"wp-image-239185\" width=\"600\" srcset=\"https:\/\/dr1.com\/news\/wp-content\/uploads\/2025\/07\/Luciana-Souza-Hoy-1024x710.png 1024w, https:\/\/dr1.com\/news\/wp-content\/uploads\/2025\/07\/Luciana-Souza-Hoy-300x208.png 300w, https:\/\/dr1.com\/news\/wp-content\/uploads\/2025\/07\/Luciana-Souza-Hoy-768x532.png 768w, https:\/\/dr1.com\/news\/wp-content\/uploads\/2025\/07\/Luciana-Souza-Hoy-1536x1065.png 1536w, https:\/\/dr1.com\/news\/wp-content\/uploads\/2025\/07\/Luciana-Souza-Hoy.png 1936w\" sizes=\"(max-width: 706px) 89vw, (max-width: 767px) 82vw, 740px\" \/><figcaption>Luciana Souza \/ Hoy<\/figcaption><\/figure><\/div>\n\n\n\n<p>The NYO Jazz Orchestra from Carnegie Hall has included performances in Santo Domingo and Santiago in its first-ever Latin American tour.<\/p>\n\n\n\n<p>Led by artistic director and trumpeter Sean Jones, and featuring Grammy-winning Brazilian vocalist Luciana Souza, this youth jazz ensemble will showcase the rich heritage and future of American jazz, ranging from big-band swing to contemporary innovation.<\/p>\n\n\n\n<p>Their performances in the Dominican Republic are scheduled for:<br>\u2022 Tuesday, 5 August 2025, at 8:30pm at the Teatro Nacional Eduardo Brito in Santo Domingo.<br>\u2022 Wednesday, 6 August 2025, at 8pm at the Centro Le\u00f3n in Santiago.<\/p>\n\n\n\n<p>The program is expected to include works by renowned composers such as Antonio Carlos Jobim, Count Basie, Dafnis Prieto, and Iv\u00e1n Lins. These concerts are produced by the Sinfon\u00eda Foundation.<\/p>\n\n\n\n<p>Tickets for the Santo Domingo performance are available through Uepa Tickets and Fundaci\u00f3n Sinfon\u00eda (by calling 809-532-6600 or emailing boleteria@sinfonia.org.do). The performance in Santiago at Centro Le\u00f3n offers free admission.<\/p>\n\n\n\n<p>Read more:<br><a href=\"https:\/\/www.carnegiehall.org\/Calendar\/2025\/08\/05\/NYO-Jazz-in-Santo-Domingo-Dominican-Republic-0830PM\">Carnegie Hall <\/a><br><a href=\"https:\/\/www.carnegiehall.org\/Calendar\/2025\/08\/05\/NYO-Jazz-in-Santo-Domingo-Dominican-Republic-0830PM\">Sinfonia <\/a><br><a href=\"https:\/\/hoy.com.do\/luciana-souza-encabezara-concierto-de-orquesta-nyo-jazz\/\">Hoy <\/a><\/p>\n\n\n\n<p>28 July 2025<\/p>\n","protected":false},"excerpt":{"rendered":"<p>The NYO Jazz Orchestra from Carnegie Hall has included performances in Santo Domingo and Santiago in its first-ever Latin American tour. Led by artistic director and trumpeter Sean Jones, and featuring Grammy-winning Brazilian vocalist Luciana Souza, this youth jazz ensemble will showcase the rich heritage and future of American jazz, ranging from big-band swing to &hellip; <\/p>\n<p class=\"link-more\"><a href=\"https:\/\/dr1.com\/news\/2025\/07\/28\/jazz-lovers-luciana-souza-from-brazil-at-the-national-theater\/\" class=\"more-link\">Read more\u2026<\/a><\/p>\n","protected":false},"author":2,"featured_media":0,"comment_status":"closed","ping_status":"closed","sticky":false,"template":"","format":"standard","meta":[],"categories":[337,3],"tags":[],"_links":{"self":[{"href":"https:\/\/dr1.com\/news\/wp-json\/wp\/v2\/posts\/239186"}],"collection":[{"href":"https:\/\/dr1.com\/news\/wp-json\/wp\/v2\/posts"}],"about":[{"href":"https:\/\/dr1.com\/news\/wp-json\/wp\/v2\/types\/post"}],"author":[{"embeddable":true,"href":"https:\/\/dr1.com\/news\/wp-json\/wp\/v2\/users\/2"}],"replies":[{"embeddable":true,"href":"https:\/\/dr1.com\/news\/wp-json\/wp\/v2\/comments?post=239186"}],"version-history":[{"count":3,"href":"https:\/\/dr1.com\/news\/wp-json\/wp\/v2\/posts\/239186\/revisions"}],"predecessor-version":[{"id":239220,"href":"https:\/\/dr1.com\/news\/wp-json\/wp\/v2\/posts\/239186\/revisions\/239220"}],"wp:attachment":[{"href":"https:\/\/dr1.com\/news\/wp-json\/wp\/v2\/media?parent=239186"}],"wp:term":[{"taxonomy":"category","embeddable":true,"href":"https:\/\/dr1.com\/news\/wp-json\/wp\/v2\/categories?post=239186"},{"taxonomy":"post_tag","embeddable":true,"href":"https:\/\/dr1.com\/news\/wp-json\/wp\/v2\/tags?post=239186"}],"curies":[{"name":"wp","href":"https:\/\/api.w.org\/{rel}","templated":true}]}}