{"id":239188,"date":"2025-07-28T06:50:58","date_gmt":"2025-07-28T10:50:58","guid":{"rendered":"https:\/\/dr1.com\/news\/?p=239188"},"modified":"2025-07-28T07:22:20","modified_gmt":"2025-07-28T11:22:20","slug":"dajapon-fest-descendants-celebrate-their-japanese-heritage-in-dajabon","status":"publish","type":"post","link":"https:\/\/dr1.com\/news\/2025\/07\/28\/dajapon-fest-descendants-celebrate-their-japanese-heritage-in-dajabon\/","title":{"rendered":"Dajapon Fest: Descendants celebrate their Japanese heritage in Dajabon"},"content":{"rendered":"\n<div class=\"wp-block-image\"><figure class=\"aligncenter size-large is-resized\"><img src=\"https:\/\/dr1.com\/news\/wp-content\/uploads\/2025\/07\/Festival-Dajapon-Ando-en-Dajabon-Facebook--1024x594.png\" alt=\"\" class=\"wp-image-239183\" width=\"600\" srcset=\"https:\/\/dr1.com\/news\/wp-content\/uploads\/2025\/07\/Festival-Dajapon-Ando-en-Dajabon-Facebook--1024x594.png 1024w, https:\/\/dr1.com\/news\/wp-content\/uploads\/2025\/07\/Festival-Dajapon-Ando-en-Dajabon-Facebook--300x174.png 300w, https:\/\/dr1.com\/news\/wp-content\/uploads\/2025\/07\/Festival-Dajapon-Ando-en-Dajabon-Facebook--768x445.png 768w, https:\/\/dr1.com\/news\/wp-content\/uploads\/2025\/07\/Festival-Dajapon-Ando-en-Dajabon-Facebook--1536x890.png 1536w, https:\/\/dr1.com\/news\/wp-content\/uploads\/2025\/07\/Festival-Dajapon-Ando-en-Dajabon-Facebook--2048x1187.png 2048w\" sizes=\"(max-width: 706px) 89vw, (max-width: 767px) 82vw, 740px\" \/><\/figure><\/div>\n\n\n\n<p>Descendants of the first Japanese colony, people who formed a community in La Vig\u00eda, Dajab\u00f3n with the support of then dictator Rafael Le\u00f3nidas Trujillo, recently celebrated the 69th anniversary of their ancestors&#8217; arrival in the Dominican Republic with the inaugural Dajap\u00f3n Fest, the first Japanese Cultural and Gastronomical Festival.<\/p>\n\n\n\n<p>The all-day event was held on Saturday, 26 July and Sunday, 27 July 2025 at the &#8220;Colonia Japonesa&#8221; park in Dajab\u00f3n, and showcased the enduring presence and vibrant culture of the Japanese community in the region. Japanese art and crafts were exhibited, several original descendants were honored and the stories of the first migrants were told.<\/p>\n\n\n\n<p>Listin Diario interviewed Omar Mukai, president of the Association of Descendants of the First Japanese Colony, who expressed his gratitude for the overwhelming public support. He emphasized that the festival was born from a desire within the community to highlight that a living Japanese community still thrives in Dajab\u00f3n.<\/p>\n\n\n\n<p>&#8220;We are representing Japanese culture here, and with this, we are also promoting this colony that perhaps many are not aware of, but it is the first Japanese colony here in the Dominican Republic,&#8221; Mukai stated.<\/p>\n\n\n\n<p>Takeshi Mukai, a businessman who arrived in the Dominican Republic as a child with his Japanese parents, offered a striking perspective on his adopted homeland. Mukai declared the Dominican Republic to be the best country in the world. &#8220;There is no better country, not Japan, not the United States; this is the best country,&#8221; the businessman asserted.<\/p>\n\n\n\n<p>Takeshi Mukai also provided historical context, explaining that Japanese immigrants arrived in the Dominican Republic in three distinct groups. The first colony settled in La Vig\u00eda in 1956. A second group arrived in Constanza in 1957, with the third and final wave, including the Mukai family, reaching Pedernales. Others relocated later to Bonao and Jarabacoa.<\/p>\n\n\n\n<p>The initial wave of Japanese migration to the Dominican Republic was a direct consequence of the devastation wrought by the atomic bombs dropped on Hiroshima and Nagasaki during World War II, which prompted many Japanese to leave their country.<\/p>\n\n\n\n<p>Read more in Spanish:<br><a href=\"https:\/\/listindiario.com\/la-republica\/20250726\/primera-colonia-japonesa-rd-celebra-69-aniversario-festival-cultural-gastronomico_867646.html\">Listin Diario <\/a><br><a href=\"https:\/\/www.diariolibre.com\/revista\/cultura\/2025\/07\/26\/cultura-japonesa-se-toma-dajabon-con-el-dajabon-fest\/3195118\">Diario Libre <\/a><\/p>\n\n\n\n<p>28 July 2025<\/p>\n","protected":false},"excerpt":{"rendered":"<p>Descendants of the first Japanese colony, people who formed a community in La Vig\u00eda, Dajab\u00f3n with the support of then dictator Rafael Le\u00f3nidas Trujillo, recently celebrated the 69th anniversary of their ancestors&#8217; arrival in the Dominican Republic with the inaugural Dajap\u00f3n Fest, the first Japanese Cultural and Gastronomical Festival. The all-day event was held on &hellip; <\/p>\n<p class=\"link-more\"><a href=\"https:\/\/dr1.com\/news\/2025\/07\/28\/dajapon-fest-descendants-celebrate-their-japanese-heritage-in-dajabon\/\" class=\"more-link\">Read more\u2026<\/a><\/p>\n","protected":false},"author":2,"featured_media":0,"comment_status":"closed","ping_status":"closed","sticky":false,"template":"","format":"standard","meta":[],"categories":[337,3],"tags":[],"_links":{"self":[{"href":"https:\/\/dr1.com\/news\/wp-json\/wp\/v2\/posts\/239188"}],"collection":[{"href":"https:\/\/dr1.com\/news\/wp-json\/wp\/v2\/posts"}],"about":[{"href":"https:\/\/dr1.com\/news\/wp-json\/wp\/v2\/types\/post"}],"author":[{"embeddable":true,"href":"https:\/\/dr1.com\/news\/wp-json\/wp\/v2\/users\/2"}],"replies":[{"embeddable":true,"href":"https:\/\/dr1.com\/news\/wp-json\/wp\/v2\/comments?post=239188"}],"version-history":[{"count":6,"href":"https:\/\/dr1.com\/news\/wp-json\/wp\/v2\/posts\/239188\/revisions"}],"predecessor-version":[{"id":239223,"href":"https:\/\/dr1.com\/news\/wp-json\/wp\/v2\/posts\/239188\/revisions\/239223"}],"wp:attachment":[{"href":"https:\/\/dr1.com\/news\/wp-json\/wp\/v2\/media?parent=239188"}],"wp:term":[{"taxonomy":"category","embeddable":true,"href":"https:\/\/dr1.com\/news\/wp-json\/wp\/v2\/categories?post=239188"},{"taxonomy":"post_tag","embeddable":true,"href":"https:\/\/dr1.com\/news\/wp-json\/wp\/v2\/tags?post=239188"}],"curies":[{"name":"wp","href":"https:\/\/api.w.org\/{rel}","templated":true}]}}