{"id":239622,"date":"2025-08-04T07:59:51","date_gmt":"2025-08-04T11:59:51","guid":{"rendered":"https:\/\/dr1.com\/news\/?p=239622"},"modified":"2025-08-04T10:19:11","modified_gmt":"2025-08-04T14:19:11","slug":"president-abinader-names-vice-ministers-following-hacienda-and-economy-ministries-merger","status":"publish","type":"post","link":"https:\/\/dr1.com\/news\/2025\/08\/04\/president-abinader-names-vice-ministers-following-hacienda-and-economy-ministries-merger\/","title":{"rendered":"President Abinader names vice ministers following Hacienda and Economy ministries merger"},"content":{"rendered":"\n<div class=\"wp-block-image\"><figure class=\"aligncenter size-large is-resized\"><img src=\"https:\/\/dr1.com\/news\/wp-content\/uploads\/2025\/08\/Magin-Diaz-Diario-Libre-1024x573.png\" alt=\"\" class=\"wp-image-239675\" width=\"600\" srcset=\"https:\/\/dr1.com\/news\/wp-content\/uploads\/2025\/08\/Magin-Diaz-Diario-Libre-1024x573.png 1024w, https:\/\/dr1.com\/news\/wp-content\/uploads\/2025\/08\/Magin-Diaz-Diario-Libre-300x168.png 300w, https:\/\/dr1.com\/news\/wp-content\/uploads\/2025\/08\/Magin-Diaz-Diario-Libre-768x430.png 768w, https:\/\/dr1.com\/news\/wp-content\/uploads\/2025\/08\/Magin-Diaz-Diario-Libre-1536x860.png 1536w, https:\/\/dr1.com\/news\/wp-content\/uploads\/2025\/08\/Magin-Diaz-Diario-Libre.png 1782w\" sizes=\"(max-width: 706px) 89vw, (max-width: 767px) 82vw, 740px\" \/><figcaption>Magin Diaz \/ Diario Libre<\/figcaption><\/figure><\/div>\n\n\n\n<p>With the appointment of new vice ministers, the Abinader administration advanced with the merger of the ministries of Economy and Hacienda. President Luis Abinader earlier had named Magin Diaz as the new Minister of Hacienda and Economy.<\/p>\n\n\n\n<p>By Presidential Decree 426-25, dated 29 July 2025, President Luis Abinader named Magin Diaz the new Minister of Hacienda and Economy and the following deputy ministers were named to oversee key areas:<br>\u2022 Treasury and Public Assets \u2013 Derby Bol\u00edvar de los Santos Abreu<br>\u2022 Budget and Accounting \u2013 Jos\u00e9 Jes\u00fas Rijo Presbot, who will also continue as Director General of the Budget Office<br>\u2022 Planning and Public Investment \u2013 Mart\u00edn Francos Rodr\u00edguez<br>\u2022 Fiscal Policy \u2013 Camila Hern\u00e1ndez Villam\u00e1n<br>\u2022 Public Credit \u2013 Mar\u00eda Jos\u00e9 Mart\u00ednez Dauhajre<br>\u2022 Economy \u2013 Alexis Vidal Cruz Rodr\u00edguez<\/p>\n\n\n\n<p>The creation of the new ministry was authorized under Law 45-25 that officially merges the two former entities. <\/p>\n\n\n\n<p>Read more in Spanish:<br><a href=\"https:\/\/www.diariolibre.com\/politica\/gobierno\/2025\/07\/30\/decreto-abinader-sombra-a-seis-viceministros-en-hacienda\/3199421\">Diario Libre <\/a><br><a href=\"https:\/\/listindiario.com\/economia\/20250730\/gobierno-define-equipo-encabezara-nuevo-ministerio-hacienda-economia_868261.html\">Listin Diario <\/a><\/p>\n\n\n\n<p>4 August 2025<\/p>\n","protected":false},"excerpt":{"rendered":"<p>With the appointment of new vice ministers, the Abinader administration advanced with the merger of the ministries of Economy and Hacienda. President Luis Abinader earlier had named Magin Diaz as the new Minister of Hacienda and Economy. By Presidential Decree 426-25, dated 29 July 2025, President Luis Abinader named Magin Diaz the new Minister of &hellip; <\/p>\n<p class=\"link-more\"><a href=\"https:\/\/dr1.com\/news\/2025\/08\/04\/president-abinader-names-vice-ministers-following-hacienda-and-economy-ministries-merger\/\" class=\"more-link\">Read more\u2026<\/a><\/p>\n","protected":false},"author":2,"featured_media":0,"comment_status":"closed","ping_status":"closed","sticky":false,"template":"","format":"standard","meta":[],"categories":[337,3],"tags":[],"_links":{"self":[{"href":"https:\/\/dr1.com\/news\/wp-json\/wp\/v2\/posts\/239622"}],"collection":[{"href":"https:\/\/dr1.com\/news\/wp-json\/wp\/v2\/posts"}],"about":[{"href":"https:\/\/dr1.com\/news\/wp-json\/wp\/v2\/types\/post"}],"author":[{"embeddable":true,"href":"https:\/\/dr1.com\/news\/wp-json\/wp\/v2\/users\/2"}],"replies":[{"embeddable":true,"href":"https:\/\/dr1.com\/news\/wp-json\/wp\/v2\/comments?post=239622"}],"version-history":[{"count":4,"href":"https:\/\/dr1.com\/news\/wp-json\/wp\/v2\/posts\/239622\/revisions"}],"predecessor-version":[{"id":239684,"href":"https:\/\/dr1.com\/news\/wp-json\/wp\/v2\/posts\/239622\/revisions\/239684"}],"wp:attachment":[{"href":"https:\/\/dr1.com\/news\/wp-json\/wp\/v2\/media?parent=239622"}],"wp:term":[{"taxonomy":"category","embeddable":true,"href":"https:\/\/dr1.com\/news\/wp-json\/wp\/v2\/categories?post=239622"},{"taxonomy":"post_tag","embeddable":true,"href":"https:\/\/dr1.com\/news\/wp-json\/wp\/v2\/tags?post=239622"}],"curies":[{"name":"wp","href":"https:\/\/api.w.org\/{rel}","templated":true}]}}