{"id":240969,"date":"2025-09-02T06:00:18","date_gmt":"2025-09-02T10:00:18","guid":{"rendered":"https:\/\/dr1.com\/news\/?p=240969"},"modified":"2025-09-02T08:26:53","modified_gmt":"2025-09-02T12:26:53","slug":"art-biennial-opens-at-the-museum-of-modern-art","status":"publish","type":"post","link":"https:\/\/dr1.com\/news\/2025\/09\/02\/art-biennial-opens-at-the-museum-of-modern-art\/","title":{"rendered":"Art Biennial opens at the Museum of Modern Art"},"content":{"rendered":"\n<div class=\"wp-block-image\"><figure class=\"aligncenter size-large is-resized\"><img src=\"https:\/\/dr1.com\/news\/wp-content\/uploads\/2025\/09\/Bienal-de-Artes-Visuales-2025-Museosrd-1024x668.png\" alt=\"\" class=\"wp-image-240995\" width=\"600\" srcset=\"https:\/\/dr1.com\/news\/wp-content\/uploads\/2025\/09\/Bienal-de-Artes-Visuales-2025-Museosrd-1024x668.png 1024w, https:\/\/dr1.com\/news\/wp-content\/uploads\/2025\/09\/Bienal-de-Artes-Visuales-2025-Museosrd-300x196.png 300w, https:\/\/dr1.com\/news\/wp-content\/uploads\/2025\/09\/Bienal-de-Artes-Visuales-2025-Museosrd-768x501.png 768w, https:\/\/dr1.com\/news\/wp-content\/uploads\/2025\/09\/Bienal-de-Artes-Visuales-2025-Museosrd-1536x1002.png 1536w, https:\/\/dr1.com\/news\/wp-content\/uploads\/2025\/09\/Bienal-de-Artes-Visuales-2025-Museosrd-2048x1337.png 2048w\" sizes=\"(max-width: 706px) 89vw, (max-width: 767px) 82vw, 740px\" \/><\/figure><\/div>\n\n\n\n<p>An attraction always worth a visit, the Museum of Modern Art is now housing the 31st National Biennial of Visual Arts (BNAV). This 2025, the exhibition celebrates the artistic legacy of renowned painter Elsa N\u00fa\u00f1ez and her significant contributions to the nation&#8217;s art and culture.<\/p>\n\n\n\n<p>Minister of Culture Roberto \u00c1ngel Salcedo, speaking at the opening of the exhibit at the Plaza de la Cultura museum, highlighted how it appeals to all citizens who appreciate and follow the visual arts.<\/p>\n\n\n\n<p>Salcedo announced that he will present to the Executive Branch a draft decree to establish a permanent Biennial Committee to ensure greater stability in its organization. He also revealed that for the 2027 edition, prizes will be increased to make participation more attractive to artists.<\/p>\n\n\n\n<p>The Biennial, organized by the Ministry of Culture since 1942, has become the country&#8217;s main platform for showcasing, reflecting on, and promoting visual arts. In this edition, it reaffirms its commitment to celebrating identity, preserving memory, and projecting the future of national art.<\/p>\n\n\n\n<p>N\u00fa\u00f1ez is a recipient of the 2014 National Prize for Plastic Arts. &#8220;For me, this tribute is an act of love. A recognition that celebrates not only my work but also the path traveled, with its lights and its shadows,&#8221; she said.<\/p>\n\n\n\n<p>The artist reflected on the power of art as a tool for expression and resilience, adding that her work has been a testament to both her time and her inner world. During the event, she was presented with a plaque recognizing her more than six-decade career.<\/p>\n\n\n\n<p>Jury president Ra\u00fal Morilla, accompanied by fellow members Lillian Carrasco and Hiromi Shiba, explained that the selection honored both formal and conceptual excellence, as well as the critical capacity of the works to address current issues and enrich national art.<\/p>\n\n\n\n<p>The Biennial\u2019s Grand Prize, worth one million pesos, was awarded to the piece \u201cRitual de sanaci\u00f3n\u201d by artist Luc\u00eda M\u00e9ndez Rivas. Additionally, nine awards of RD$300,000 each were granted, along with two honorable mentions.<\/p>\n\n\n\n<p>The awarded works included:<br>\u2022 \u201cLo que se saca de ra\u00edz vuelve a crecer\u201d, a sculpture by David P\u00e9rez<br>\u2022 \u201cAlain\u201d, a photograph by Fued Yamil Koussa<br>\u2022 \u201cBotiqu\u00edn de abstinencia\u201d, an installation by Jessica Fairfax Hirst<br>\u2022 \u201cMambo apocal\u00edptico (el merengue del tard\u00edgrado)\u201d by Jos\u00e9 Levi<br>\u2022 \u201cFeria 2025\u201d, a painting by Jos\u00e9 Morb\u00e1n<br>\u2022 \u201cEl lector\u201d, an installation by the Modafoca collective<br>\u2022 \u201cRa\u00edces sin semillas\u201d, a drawing by Pedro Troncoso<br>\u2022 \u201cPalo vivo: entre ra\u00edces y memorias\u201d, an installation by Soraya Abu Naba\u00e1<br>\u2022 \u201cEl sue\u00f1o de la lib\u00e9lula\u201d, a painting by Y\u00e9ssica Montero<\/p>\n\n\n\n<p>Read more in Spanish:<br><a href=\"https:\/\/www.cultura.gob.do\/index.php\/noticias\/item\/2892-el-ministro-roberto-angel-salcedo-inauguro-la-bienal-nacional-de-artes-visuales\">Ministry of Culture <\/a><\/p>\n\n\n\n<p>2 September 2025<\/p>\n","protected":false},"excerpt":{"rendered":"<p>An attraction always worth a visit, the Museum of Modern Art is now housing the 31st National Biennial of Visual Arts (BNAV). This 2025, the exhibition celebrates the artistic legacy of renowned painter Elsa N\u00fa\u00f1ez and her significant contributions to the nation&#8217;s art and culture. Minister of Culture Roberto \u00c1ngel Salcedo, speaking at the opening &hellip; <\/p>\n<p class=\"link-more\"><a href=\"https:\/\/dr1.com\/news\/2025\/09\/02\/art-biennial-opens-at-the-museum-of-modern-art\/\" class=\"more-link\">Read more\u2026<\/a><\/p>\n","protected":false},"author":2,"featured_media":0,"comment_status":"closed","ping_status":"closed","sticky":false,"template":"","format":"standard","meta":[],"categories":[337,3],"tags":[],"_links":{"self":[{"href":"https:\/\/dr1.com\/news\/wp-json\/wp\/v2\/posts\/240969"}],"collection":[{"href":"https:\/\/dr1.com\/news\/wp-json\/wp\/v2\/posts"}],"about":[{"href":"https:\/\/dr1.com\/news\/wp-json\/wp\/v2\/types\/post"}],"author":[{"embeddable":true,"href":"https:\/\/dr1.com\/news\/wp-json\/wp\/v2\/users\/2"}],"replies":[{"embeddable":true,"href":"https:\/\/dr1.com\/news\/wp-json\/wp\/v2\/comments?post=240969"}],"version-history":[{"count":2,"href":"https:\/\/dr1.com\/news\/wp-json\/wp\/v2\/posts\/240969\/revisions"}],"predecessor-version":[{"id":240996,"href":"https:\/\/dr1.com\/news\/wp-json\/wp\/v2\/posts\/240969\/revisions\/240996"}],"wp:attachment":[{"href":"https:\/\/dr1.com\/news\/wp-json\/wp\/v2\/media?parent=240969"}],"wp:term":[{"taxonomy":"category","embeddable":true,"href":"https:\/\/dr1.com\/news\/wp-json\/wp\/v2\/categories?post=240969"},{"taxonomy":"post_tag","embeddable":true,"href":"https:\/\/dr1.com\/news\/wp-json\/wp\/v2\/tags?post=240969"}],"curies":[{"name":"wp","href":"https:\/\/api.w.org\/{rel}","templated":true}]}}