{"id":241901,"date":"2025-09-25T07:39:52","date_gmt":"2025-09-25T11:39:52","guid":{"rendered":"https:\/\/dr1.com\/news\/?p=241901"},"modified":"2025-09-25T10:04:13","modified_gmt":"2025-09-25T14:04:13","slug":"president-abinader-speaks-at-the-2025-concordia-summit","status":"publish","type":"post","link":"https:\/\/dr1.com\/news\/2025\/09\/25\/president-abinader-speaks-at-the-2025-concordia-summit\/","title":{"rendered":"President Abinader speaks at the 2025 Concordia Summit"},"content":{"rendered":"\n<div class=\"wp-block-image\"><figure class=\"aligncenter size-large is-resized\"><img src=\"https:\/\/dr1.com\/news\/wp-content\/uploads\/2025\/09\/Concordia-Summit-Official-Webpage-1024x369.png\" alt=\"\" class=\"wp-image-241967\" width=\"600\" srcset=\"https:\/\/dr1.com\/news\/wp-content\/uploads\/2025\/09\/Concordia-Summit-Official-Webpage-1024x369.png 1024w, https:\/\/dr1.com\/news\/wp-content\/uploads\/2025\/09\/Concordia-Summit-Official-Webpage-300x108.png 300w, https:\/\/dr1.com\/news\/wp-content\/uploads\/2025\/09\/Concordia-Summit-Official-Webpage-768x277.png 768w, https:\/\/dr1.com\/news\/wp-content\/uploads\/2025\/09\/Concordia-Summit-Official-Webpage-1536x554.png 1536w, https:\/\/dr1.com\/news\/wp-content\/uploads\/2025\/09\/Concordia-Summit-Official-Webpage-2048x739.png 2048w\" sizes=\"(max-width: 706px) 89vw, (max-width: 767px) 82vw, 740px\" \/><\/figure><\/div>\n\n\n\n<p>President Luis Abinader and President Irfaan Ali of Guyana were the two heads of government that accepted invitations to speak at the 2025 Concordia Summit, an event parallel to the 80th United Nations General Assembly in New York City.<\/p>\n\n\n\n<p>The Concordia Annual Summit is described as an event that convenes the world\u2019s most prominent business, government, and nonprofit leaders to foster dialogue and enable effective partnerships for positive social impact. This global affairs forum takes place in New York City and examines the world\u2019s most pressing challenges to identify avenues for collaboration.<\/p>\n\n\n\n<p>The Presidency reported that the conversation with Abinader focused on the themes of democracy, security, and geopolitical risk.<\/p>\n\n\n\n<p>During the high-level conversation moderated by Nicholas Logothetis, co-founder and chairman of the Concordia Leadership Council, President Abinader highlighted the Dominican Republic\u2019s progress in strengthening democratic institutions, reducing poverty, and attracting foreign investment in key sectors such as tourism, free trade zones, medical devices, and cigars. These efforts, he emphasized, have helped position the country among the fastest-growing economies in Latin America.<\/p>\n\n\n\n<p>\u201cThe Dominican Republic\u2019s greatest achievement is that we have not only achieved economic growth, but also social justice\u2014reducing poverty and ensuring strong, independent democratic institutions. That balance is what has given us stability and social peace,\u201d Abinader said.<\/p>\n\n\n\n<p>The President also addressed the escalating crisis in neighboring Haiti, urging the international community to take decisive action against the violent armed groups destabilizing the country.<\/p>\n\n\n\n<p>\u201cThis is not about negotiation\u2014it\u2019s about confronting and defeating these groups with the strength of the international community, so that the Haitian people can be freed and begin a path toward development,\u201d he stated.<\/p>\n\n\n\n<p>Nicholas Logothetis praised the Dominican Republic\u2019s democratic model.<\/p>\n\n\n\n<p>\u201cThe Dominican Republic\u2019s leadership on democracy and security offers a valuable lesson for Latin America. Its approach to political dialogue and openness to the world is a model for the region,\u201d Logothetis said.<\/p>\n\n\n\n<p>The Presidency reported that President Abinader was accompanied by First Lady Raquel Arbaje; Jes\u00fas \u201cChu\u201d V\u00e1squez, Consul General in New York; Mar\u00eda Isabel Castillo B\u00e1ez, Dominican Ambassador to the United States; Alberto Caminero, director of the Presidential Press Office (DPP); F\u00e9lix Reyna, director of the Government Strategy and Communication Agency (DIECOM); and Abel Guzm\u00e1n Then, deputy director of DIECOM.<\/p>\n\n\n\n<p>Read more:<br><a href=\"https:\/\/presidencia.gob.do\/noticias\/republica-dominicana-proyecta-liderazgo-democratico-economico-y-de-seguridad-en-foro\">Presidency <\/a><br><a href=\"https:\/\/www.concordialive.com\/2025annualsummit\/Speakers\">Concordia <\/a><\/p>\n\n\n\n<p><a href=\"http:\/\/DR1 News https:\/\/dr1.com\/news\/2025\/09\/23\/president-abinader-takes-advantage-of-80th-un-general-assembly-to-promote-summit-of-the-americas-ceo-meeting\/\">DR1 News<\/a><\/p>\n\n\n\n<p>25 September 2025<\/p>\n","protected":false},"excerpt":{"rendered":"<p>President Luis Abinader and President Irfaan Ali of Guyana were the two heads of government that accepted invitations to speak at the 2025 Concordia Summit, an event parallel to the 80th United Nations General Assembly in New York City. The Concordia Annual Summit is described as an event that convenes the world\u2019s most prominent business, &hellip; <\/p>\n<p class=\"link-more\"><a href=\"https:\/\/dr1.com\/news\/2025\/09\/25\/president-abinader-speaks-at-the-2025-concordia-summit\/\" class=\"more-link\">Read more\u2026<\/a><\/p>\n","protected":false},"author":2,"featured_media":0,"comment_status":"closed","ping_status":"closed","sticky":false,"template":"","format":"standard","meta":[],"categories":[337,3],"tags":[],"_links":{"self":[{"href":"https:\/\/dr1.com\/news\/wp-json\/wp\/v2\/posts\/241901"}],"collection":[{"href":"https:\/\/dr1.com\/news\/wp-json\/wp\/v2\/posts"}],"about":[{"href":"https:\/\/dr1.com\/news\/wp-json\/wp\/v2\/types\/post"}],"author":[{"embeddable":true,"href":"https:\/\/dr1.com\/news\/wp-json\/wp\/v2\/users\/2"}],"replies":[{"embeddable":true,"href":"https:\/\/dr1.com\/news\/wp-json\/wp\/v2\/comments?post=241901"}],"version-history":[{"count":4,"href":"https:\/\/dr1.com\/news\/wp-json\/wp\/v2\/posts\/241901\/revisions"}],"predecessor-version":[{"id":241968,"href":"https:\/\/dr1.com\/news\/wp-json\/wp\/v2\/posts\/241901\/revisions\/241968"}],"wp:attachment":[{"href":"https:\/\/dr1.com\/news\/wp-json\/wp\/v2\/media?parent=241901"}],"wp:term":[{"taxonomy":"category","embeddable":true,"href":"https:\/\/dr1.com\/news\/wp-json\/wp\/v2\/categories?post=241901"},{"taxonomy":"post_tag","embeddable":true,"href":"https:\/\/dr1.com\/news\/wp-json\/wp\/v2\/tags?post=241901"}],"curies":[{"name":"wp","href":"https:\/\/api.w.org\/{rel}","templated":true}]}}