{"id":242245,"date":"2025-10-02T08:22:44","date_gmt":"2025-10-02T12:22:44","guid":{"rendered":"https:\/\/dr1.com\/news\/?p=242245"},"modified":"2025-10-02T12:03:30","modified_gmt":"2025-10-02T16:03:30","slug":"ministry-of-environment-champions-land-titling-in-protected-areas","status":"publish","type":"post","link":"https:\/\/dr1.com\/news\/2025\/10\/02\/ministry-of-environment-champions-land-titling-in-protected-areas\/","title":{"rendered":"Ministry of Environment champions land titling in protected areas"},"content":{"rendered":"\n<div class=\"wp-block-image\"><figure class=\"aligncenter size-large is-resized\"><img src=\"https:\/\/dr1.com\/news\/wp-content\/uploads\/2025\/10\/Paino-Henriquez-y-Luis-Abinader-El-Dia-1024x675.png\" alt=\"\" class=\"wp-image-242276\" width=\"600\" srcset=\"https:\/\/dr1.com\/news\/wp-content\/uploads\/2025\/10\/Paino-Henriquez-y-Luis-Abinader-El-Dia-1024x675.png 1024w, https:\/\/dr1.com\/news\/wp-content\/uploads\/2025\/10\/Paino-Henriquez-y-Luis-Abinader-El-Dia-300x198.png 300w, https:\/\/dr1.com\/news\/wp-content\/uploads\/2025\/10\/Paino-Henriquez-y-Luis-Abinader-El-Dia-768x506.png 768w, https:\/\/dr1.com\/news\/wp-content\/uploads\/2025\/10\/Paino-Henriquez-y-Luis-Abinader-El-Dia-1536x1012.png 1536w, https:\/\/dr1.com\/news\/wp-content\/uploads\/2025\/10\/Paino-Henriquez-y-Luis-Abinader-El-Dia.png 2024w\" sizes=\"(max-width: 706px) 89vw, (max-width: 767px) 82vw, 740px\" \/><\/figure><\/div>\n\n\n\n<p>President Luis Abinader and Environment Minister Pa\u00edno Henr\u00edquez hailed the advances in titling of protected areas as a &#8220;historic milestone&#8221; that has cemented the creation and strengthening of the National System of Protected Areas (SINAP). <\/p>\n\n\n\n<p>Minister of Environment Paino Henriquez announced the Dominican Republic has become the first country in the Caribbean to reach the global objective of protecting 30% of its coasts. Henriquez also spoke of the important advances in land titling of the protected areas, backed by Protected Areas Sectorial Law 202-04. He said forest areas are now 44%, up from 10% in 1970. 25.5% of Dominican territory is now under different protected area categories.<\/p>\n\n\n\n<p>Henr\u00edquez highlighted that the National System of Protected areas ensures that 85% of the mountain water basins and birthing areas of rivers are under protection, ensuring the source of water for the population and productive sectors.<\/p>\n\n\n\n<p>The Dominican government has announced a landmark achievement in environmental protection, titling 757.6 million square meters in protected areas, an amount that represents 80% of all such land titling in the country&#8217;s history.<\/p>\n\n\n\n<p>Minister Henr\u00edquez highlighted that the current administration has far surpassed all previous efforts combined, which accounted for only 20% of the land titled in protected areas.<\/p>\n\n\n\n<p>The titling has focused on key ecological sites, including Jaragua National Park, the Bah\u00eda de las \u00c1guilas Recreational Zone in southwestern Pedernales province, and Jos\u00e9 del Carmen Ram\u00edrez National Park in San Juan de la Maguana province<\/p>\n\n\n\n<p>Henr\u00edquez credited the success to the 2004 Sectoral Law of Protected Areas (202-04), which paved the way for robust conservation measures, reforestation programs, and legal safeguards for natural resources.<\/p>\n\n\n\n<p>Major advances include:<\/p>\n\n\n\n<p>\u2022 Forest coverage has now increased from 10% in the 1970s to over 44% today.<br>\u2022 Territorial Protection: The country has legally protected 25.5% of its national territory and 30.1% of its coastal and marine zones. This makes it the first country in the Caribbean to meet the global 30&#215;30 target, an international commitment to safeguard 30% of marine and coastal areas by 2030.<br>\u2022 Water Security: The SINAP is deemed critical for national sustainability as it ensures the protection of 85% of all water sources and high basins, supplying water for the population, agriculture, industry, and tourism. &#8220;Without the SINAP, there is no possibility of a sustainable and viable future for the Dominican Republic,&#8221; Henr\u00edquez stated.<\/p>\n\n\n\n<p>In a move to continue the titling initiative, President Abinader signed an authorization for the Ministry of Environment and the Dominican Agrarian Institute (IAD) to begin titling in two more vital areas: Los Haitises National Park (Monte Plata, Hato Mayor and Samana provinces) and the Loma Novillero Forest Reserve (San Cristobal province). Over 43.2 million square meters have been identified for certification in these locations.<\/p>\n\n\n\n<p>The President explained that much of the country&#8217;s protected land remains formally registered under other public entities\u2014such as the IAD, the National Assets Agency, or the State Sugar Council (CEA), complicating their full protection. &#8220;We want to organize, document, and defend our green heritage, which is the same as defending the very existence of the space we occupy,&#8221; Abinader emphasized.<\/p>\n\n\n\n<p>Both the President and the Minister of Environment concurred that this process is a decisive measure in defending the Dominican natural patrimony against threats like agricultural expansion, logging, high-altitude ranching, unchecked urban growth, and the ongoing climate crisis.<\/p>\n\n\n\n<p>&#8220;It is a source of personal satisfaction to grant the authority to begin this process,&#8221; Abinader remarked. &#8220;What belongs to all of us also belongs to each one of us, and its protection is a sacred duty.&#8221;<\/p>\n\n\n\n<p>The government&#8217;s goal is to provide legal certainty to the entire National System of Protected Areas, blocking attempts at illegal appropriation and safeguarding the nation&#8217;s natural inheritance as a guarantee of sustainability for future generations.<\/p>\n\n\n\n<p>Read more in Spanish:<br><a href=\"https:\/\/hoy.com.do\/gobierno-titulara-terrenos-haitises-y-loma-novillero\/\">Hoy <\/a><br><a href=\"https:\/\/listindiario.com\/la-republica\/gobierno\/20251002\/gobierno-advierte-sectores-oscuros-podran-apropiarse-areas-protegidas_876555.html\">Listin Diario <\/a><br><a href=\"https:\/\/eldia.com.do\/gobierno-titula-757-millones-de-metros-cuadrados\/\">El Dia <\/a><br><a href=\"https:\/\/www.elcaribe.com.do\/panorama\/pais\/se-inicia-titulacion-masiva-en-areas-protegidas-de-rd\/\">El Caribe <\/a><\/p>\n\n\n\n<p>2 October 2025<\/p>\n","protected":false},"excerpt":{"rendered":"<p>President Luis Abinader and Environment Minister Pa\u00edno Henr\u00edquez hailed the advances in titling of protected areas as a &#8220;historic milestone&#8221; that has cemented the creation and strengthening of the National System of Protected Areas (SINAP). Minister of Environment Paino Henriquez announced the Dominican Republic has become the first country in the Caribbean to reach the &hellip; <\/p>\n<p class=\"link-more\"><a href=\"https:\/\/dr1.com\/news\/2025\/10\/02\/ministry-of-environment-champions-land-titling-in-protected-areas\/\" class=\"more-link\">Read more\u2026<\/a><\/p>\n","protected":false},"author":2,"featured_media":0,"comment_status":"closed","ping_status":"closed","sticky":false,"template":"","format":"standard","meta":[],"categories":[337,3],"tags":[],"_links":{"self":[{"href":"https:\/\/dr1.com\/news\/wp-json\/wp\/v2\/posts\/242245"}],"collection":[{"href":"https:\/\/dr1.com\/news\/wp-json\/wp\/v2\/posts"}],"about":[{"href":"https:\/\/dr1.com\/news\/wp-json\/wp\/v2\/types\/post"}],"author":[{"embeddable":true,"href":"https:\/\/dr1.com\/news\/wp-json\/wp\/v2\/users\/2"}],"replies":[{"embeddable":true,"href":"https:\/\/dr1.com\/news\/wp-json\/wp\/v2\/comments?post=242245"}],"version-history":[{"count":3,"href":"https:\/\/dr1.com\/news\/wp-json\/wp\/v2\/posts\/242245\/revisions"}],"predecessor-version":[{"id":242277,"href":"https:\/\/dr1.com\/news\/wp-json\/wp\/v2\/posts\/242245\/revisions\/242277"}],"wp:attachment":[{"href":"https:\/\/dr1.com\/news\/wp-json\/wp\/v2\/media?parent=242245"}],"wp:term":[{"taxonomy":"category","embeddable":true,"href":"https:\/\/dr1.com\/news\/wp-json\/wp\/v2\/categories?post=242245"},{"taxonomy":"post_tag","embeddable":true,"href":"https:\/\/dr1.com\/news\/wp-json\/wp\/v2\/tags?post=242245"}],"curies":[{"name":"wp","href":"https:\/\/api.w.org\/{rel}","templated":true}]}}