{"id":242426,"date":"2025-10-07T07:32:31","date_gmt":"2025-10-07T11:32:31","guid":{"rendered":"https:\/\/dr1.com\/news\/?p=242426"},"modified":"2025-10-07T08:49:17","modified_gmt":"2025-10-07T12:49:17","slug":"altos-de-chavon-to-honor-frank-sinatras-legacy","status":"publish","type":"post","link":"https:\/\/dr1.com\/news\/2025\/10\/07\/altos-de-chavon-to-honor-frank-sinatras-legacy\/","title":{"rendered":"Altos de Chav\u00f3n to honor Frank Sinatra&#8217;s legacy"},"content":{"rendered":"\n<div class=\"wp-block-image\"><figure class=\"aligncenter size-large is-resized\"><img src=\"https:\/\/dr1.com\/news\/wp-content\/uploads\/2025\/10\/Frank-Sinatra-El-Nacional-1024x708.png\" alt=\"\" class=\"wp-image-242496\" width=\"600\" srcset=\"https:\/\/dr1.com\/news\/wp-content\/uploads\/2025\/10\/Frank-Sinatra-El-Nacional-1024x708.png 1024w, https:\/\/dr1.com\/news\/wp-content\/uploads\/2025\/10\/Frank-Sinatra-El-Nacional-300x207.png 300w, https:\/\/dr1.com\/news\/wp-content\/uploads\/2025\/10\/Frank-Sinatra-El-Nacional-768x531.png 768w, https:\/\/dr1.com\/news\/wp-content\/uploads\/2025\/10\/Frank-Sinatra-El-Nacional.png 1192w\" sizes=\"(max-width: 706px) 89vw, (max-width: 767px) 82vw, 740px\" \/><\/figure><\/div>\n\n\n\n<p>Altos de Chav\u00f3n is gearing up for a grand celebration of its four-decade milestone, headlined by a tribute to Frank Sinatra that promises to be a spectacular throwback to the venue&#8217;s glamorous past.<\/p>\n\n\n\n<p>The iconic amphitheater will host the event on Saturday, 11 October 2025 at 8pm, recreating the atmosphere of the legendary crooner&#8217;s inaugural performance there 40 years ago.<\/p>\n\n\n\n<p>The centerpiece of the evening will be the Big Band Santo Domingo Pops, a 16-musician ensemble under the production and musical direction of Amaury S\u00e1nchez.<\/p>\n\n\n\n<p>The show will feature a stellar lineup of guest artists, including M\u00e1ximo Mart\u00ednez, H\u00e9ctor An\u00edbal, Laura Rivera, and Jos\u00e9 Guillermo Cortines. They are set to perform 22 classic Jazz Standards, a set list that includes some of Sinatra&#8217;s most beloved hits like &#8220;Strangers in the Night,&#8221; &#8220;My Way,&#8221; &#8220;New York, New York,&#8221; &#8220;Come Fly With Me,&#8221; &#8220;I Got You Under My Skin,&#8221; &#8220;Something Stupid,&#8221; and &#8220;My Kind Of Town.&#8221;<\/p>\n\n\n\n<p>The Sinatra tribute is just one highlight in a series of anniversary events. Visitors can also enjoy the art exhibition &#8220;40 Vueltas al Sol&#8221; (&#8220;40 Turns Around the Sun&#8221;), which will run from October 21st to November 21st at the Art Gallery.<\/p>\n\n\n\n<p>Adding a local flavor to the festivities, a concert featuring merengue legend Wilfrido Vargas is scheduled for November 5th. Vargas will be honored as the first Dominican merenguero to ever perform on the historic Altos de Chav\u00f3n stage.<\/p>\n\n\n\n<p>Excursions and day passes can be purchased to partake in the concerts.<\/p>\n\n\n\n<p>Read more in Spanish:<br><a href=\"https:\/\/www.casadecampo.com.do\">Casa de Campo <\/a><br><a href=\"https:\/\/elnacional.com.do\/chavon-hara-tributo-a-sinatra\/\">El Nacional <\/a><\/p>\n\n\n\n<p>7 October 2025<\/p>\n","protected":false},"excerpt":{"rendered":"<p>Altos de Chav\u00f3n is gearing up for a grand celebration of its four-decade milestone, headlined by a tribute to Frank Sinatra that promises to be a spectacular throwback to the venue&#8217;s glamorous past. The iconic amphitheater will host the event on Saturday, 11 October 2025 at 8pm, recreating the atmosphere of the legendary crooner&#8217;s inaugural &hellip; <\/p>\n<p class=\"link-more\"><a href=\"https:\/\/dr1.com\/news\/2025\/10\/07\/altos-de-chavon-to-honor-frank-sinatras-legacy\/\" class=\"more-link\">Read more\u2026<\/a><\/p>\n","protected":false},"author":2,"featured_media":0,"comment_status":"closed","ping_status":"closed","sticky":false,"template":"","format":"standard","meta":[],"categories":[339,15],"tags":[],"_links":{"self":[{"href":"https:\/\/dr1.com\/news\/wp-json\/wp\/v2\/posts\/242426"}],"collection":[{"href":"https:\/\/dr1.com\/news\/wp-json\/wp\/v2\/posts"}],"about":[{"href":"https:\/\/dr1.com\/news\/wp-json\/wp\/v2\/types\/post"}],"author":[{"embeddable":true,"href":"https:\/\/dr1.com\/news\/wp-json\/wp\/v2\/users\/2"}],"replies":[{"embeddable":true,"href":"https:\/\/dr1.com\/news\/wp-json\/wp\/v2\/comments?post=242426"}],"version-history":[{"count":3,"href":"https:\/\/dr1.com\/news\/wp-json\/wp\/v2\/posts\/242426\/revisions"}],"predecessor-version":[{"id":242497,"href":"https:\/\/dr1.com\/news\/wp-json\/wp\/v2\/posts\/242426\/revisions\/242497"}],"wp:attachment":[{"href":"https:\/\/dr1.com\/news\/wp-json\/wp\/v2\/media?parent=242426"}],"wp:term":[{"taxonomy":"category","embeddable":true,"href":"https:\/\/dr1.com\/news\/wp-json\/wp\/v2\/categories?post=242426"},{"taxonomy":"post_tag","embeddable":true,"href":"https:\/\/dr1.com\/news\/wp-json\/wp\/v2\/tags?post=242426"}],"curies":[{"name":"wp","href":"https:\/\/api.w.org\/{rel}","templated":true}]}}