{"id":244057,"date":"2025-11-17T08:17:31","date_gmt":"2025-11-17T12:17:31","guid":{"rendered":"https:\/\/dr1.com\/news\/?p=244057"},"modified":"2025-11-17T09:42:58","modified_gmt":"2025-11-17T13:42:58","slug":"alfonso-rodriguez-tejada-named-head-of-dominican-electric-transmission-company","status":"publish","type":"post","link":"https:\/\/dr1.com\/news\/2025\/11\/17\/alfonso-rodriguez-tejada-named-head-of-dominican-electric-transmission-company\/","title":{"rendered":"Alfonso Rodriguez Tejada named head of Dominican Electric Transmission Company"},"content":{"rendered":"\n<div class=\"wp-block-image\"><figure class=\"aligncenter size-large is-resized\"><img src=\"https:\/\/dr1.com\/news\/wp-content\/uploads\/2025\/11\/Alfonso-Rodriguez-Tejada-Presidencia-1024x573.png\" alt=\"\" class=\"wp-image-244109\" width=\"600\" srcset=\"https:\/\/dr1.com\/news\/wp-content\/uploads\/2025\/11\/Alfonso-Rodriguez-Tejada-Presidencia-1024x573.png 1024w, https:\/\/dr1.com\/news\/wp-content\/uploads\/2025\/11\/Alfonso-Rodriguez-Tejada-Presidencia-300x168.png 300w, https:\/\/dr1.com\/news\/wp-content\/uploads\/2025\/11\/Alfonso-Rodriguez-Tejada-Presidencia-768x430.png 768w, https:\/\/dr1.com\/news\/wp-content\/uploads\/2025\/11\/Alfonso-Rodriguez-Tejada-Presidencia-1536x859.png 1536w, https:\/\/dr1.com\/news\/wp-content\/uploads\/2025\/11\/Alfonso-Rodriguez-Tejada-Presidencia-2048x1145.png 2048w\" sizes=\"(max-width: 706px) 89vw, (max-width: 767px) 82vw, 740px\" \/><\/figure><\/div>\n\n\n\n<p>The Presidency announced the naming of Alfonso Rodriguez Tejada as new general manager of the Dominican Electric Transmission Company (ETED). Executive Decree No. 653-25 highlights that the appointment is a move to strengthen the technical and management structure of the national electricity sector. Rodriguez Tejada replaces Martin Robles Morillo.<\/p>\n\n\n\n<p>The announcement comes following the national blackout that impacted most of the power service in the country on 11 November 2025. The blackout originated in the San Pedro de Macoris Substation.<\/p>\n\n\n\n<p>Rodr\u00edguez Tejada brings a robust background to the role. He holds a degree in Electrical Engineering from UNAPEC, which is complemented by a Law Degree from CDEP University. Furthering his expertise, he obtained a Master&#8217;s in Caterpillar Mechanics from the Institute of the Americas in Miami, Florida, and an MBA in Business Administration from UNAPEC. His credentials also include certifications as an auditor for ISO 9001, ISO 50001, and ISO 14001 standards, underscoring his technical and managerial acumen.<\/p>\n\n\n\n<p>His professional career spans both the private and public sectors. Notably, he has served as Maintenance and Cogeneration coordinator at Implementos y Maquinarias CxA, engineering manager for Grupo Le\u00f3n Jim\u00e9nes, General Director of Green Future Renewable Energy in Granada, Spain, and director of Cobra Energ\u00eda in the Dominican Republic.<\/p>\n\n\n\n<p>In government, Rodr\u00edguez Tejada held several high-level positions. Between 2020 and 2024, he served as Vice Minister of Energy Saving and Efficiency and also as Vice Minister of Nuclear Energy. Most recently, he had been serving as Vice Minister of Electric Energy since February 2025.<\/p>\n\n\n\n<p>Read more in Spanish:<br><a href=\"https:\/\/presidencia.gob.do\/noticias\/presidente-designa-alfonso-rodriguez-tejada-como-nuevo-administrador-general-de-la-eted\">Presidency <\/a><br><a href=\"https:\/\/noticiassin.com\/alfonso-rodriguez-tejada-como-administrador-eted-en-2025-2018307\">Noticias SIN <\/a><br><a href=\"https:\/\/eldia.com.do\/abinader-designa-nuevos-titulares-ene-opret-y-eted-tras-el-apagon-que-paralizo-el-metro\/\">El Dia <\/a><br><a href=\"https:\/\/www.elcaribe.com.do\/panorama\/pais\/apagon-provoca-destitucion-de-dos-funcionarios\/\">El Caribe <\/a><\/p>\n\n\n\n<p>17 November 2025<\/p>\n","protected":false},"excerpt":{"rendered":"<p>The Presidency announced the naming of Alfonso Rodriguez Tejada as new general manager of the Dominican Electric Transmission Company (ETED). Executive Decree No. 653-25 highlights that the appointment is a move to strengthen the technical and management structure of the national electricity sector. Rodriguez Tejada replaces Martin Robles Morillo. The announcement comes following the national &hellip; <\/p>\n<p class=\"link-more\"><a href=\"https:\/\/dr1.com\/news\/2025\/11\/17\/alfonso-rodriguez-tejada-named-head-of-dominican-electric-transmission-company\/\" class=\"more-link\">Read more\u2026<\/a><\/p>\n","protected":false},"author":2,"featured_media":0,"comment_status":"closed","ping_status":"closed","sticky":false,"template":"","format":"standard","meta":[],"categories":[337,3],"tags":[],"_links":{"self":[{"href":"https:\/\/dr1.com\/news\/wp-json\/wp\/v2\/posts\/244057"}],"collection":[{"href":"https:\/\/dr1.com\/news\/wp-json\/wp\/v2\/posts"}],"about":[{"href":"https:\/\/dr1.com\/news\/wp-json\/wp\/v2\/types\/post"}],"author":[{"embeddable":true,"href":"https:\/\/dr1.com\/news\/wp-json\/wp\/v2\/users\/2"}],"replies":[{"embeddable":true,"href":"https:\/\/dr1.com\/news\/wp-json\/wp\/v2\/comments?post=244057"}],"version-history":[{"count":3,"href":"https:\/\/dr1.com\/news\/wp-json\/wp\/v2\/posts\/244057\/revisions"}],"predecessor-version":[{"id":244111,"href":"https:\/\/dr1.com\/news\/wp-json\/wp\/v2\/posts\/244057\/revisions\/244111"}],"wp:attachment":[{"href":"https:\/\/dr1.com\/news\/wp-json\/wp\/v2\/media?parent=244057"}],"wp:term":[{"taxonomy":"category","embeddable":true,"href":"https:\/\/dr1.com\/news\/wp-json\/wp\/v2\/categories?post=244057"},{"taxonomy":"post_tag","embeddable":true,"href":"https:\/\/dr1.com\/news\/wp-json\/wp\/v2\/tags?post=244057"}],"curies":[{"name":"wp","href":"https:\/\/api.w.org\/{rel}","templated":true}]}}