{"id":247058,"date":"2026-02-03T07:42:35","date_gmt":"2026-02-03T11:42:35","guid":{"rendered":"https:\/\/dr1.com\/news\/?p=247058"},"modified":"2026-02-03T08:14:36","modified_gmt":"2026-02-03T12:14:36","slug":"carnival-in-bonao","status":"publish","type":"post","link":"https:\/\/dr1.com\/news\/2026\/02\/03\/carnival-in-bonao\/","title":{"rendered":"Carnival in Bonao"},"content":{"rendered":"\n<div class=\"wp-block-image\"><figure class=\"aligncenter size-full\"><img loading=\"lazy\" width=\"600\" height=\"325\" src=\"https:\/\/dr1.com\/news\/wp-content\/uploads\/2026\/02\/Carnaval-Bonao-2026-Hoy.png\" alt=\"\" class=\"wp-image-247051\" srcset=\"https:\/\/dr1.com\/news\/wp-content\/uploads\/2026\/02\/Carnaval-Bonao-2026-Hoy.png 600w, https:\/\/dr1.com\/news\/wp-content\/uploads\/2026\/02\/Carnaval-Bonao-2026-Hoy-300x163.png 300w\" sizes=\"(max-width: 600px) 100vw, 600px\" \/><\/figure><\/div>\n\n\n\n<p>The 2026 Bonao Carnival officially began its Sunday parade season on 1 February 2026. The carnival has the support of Mayor Eberto N\u00fa\u00f1ez, Monsenor Nouel province governor Adela Tejada, and Bonao legislators, H\u00e9ctor Acosta Orlando Mart\u00ednez.<\/p>\n\n\n\n<p>The parades will continue on 8, 15 and 22 Sunday. There will be an Independence Day Finale on 27 February 2026. The Grand Finale is set for Sunday, 8 March 2026. This final event traditionally will feature guest groups representing the best from other provinces across the country.<\/p>\n\n\n\n<p>The Bonao carnival festivities are organized by the Bonao Carnival Organizing Committee (COCABO).<\/p>\n\n\n\n<p>The celebration takes place primarily in the area around Parque Duarte, featuring the city&#8217;s iconic Macaraos and famous troupes such as Los Tucanes, Los Indios, and Los Leones.<br>\u2003<br>Read more in Spanish<br><a href=\"https:\/\/hoy.com.do\/vivir\/alegria\/carnaval-bonao-reina-rey-macarao-2026_1073677.html\">Hoy <\/a><br><a href=\"https:\/\/www.youtube.com\/watch?v=XYuFIMmPhZE\">Bonao carnival announcement <\/a><\/p>\n\n\n\n<p>3 February 2026<\/p>\n","protected":false},"excerpt":{"rendered":"<p>The 2026 Bonao Carnival officially began its Sunday parade season on 1 February 2026. The carnival has the support of Mayor Eberto N\u00fa\u00f1ez, Monsenor Nouel province governor Adela Tejada, and Bonao legislators, H\u00e9ctor Acosta Orlando Mart\u00ednez. The parades will continue on 8, 15 and 22 Sunday. There will be an Independence Day Finale on 27 &hellip; <\/p>\n<p class=\"link-more\"><a href=\"https:\/\/dr1.com\/news\/2026\/02\/03\/carnival-in-bonao\/\" class=\"more-link\">Read more\u2026<\/a><\/p>\n","protected":false},"author":2,"featured_media":0,"comment_status":"closed","ping_status":"closed","sticky":false,"template":"","format":"standard","meta":[],"categories":[341,15],"tags":[],"_links":{"self":[{"href":"https:\/\/dr1.com\/news\/wp-json\/wp\/v2\/posts\/247058"}],"collection":[{"href":"https:\/\/dr1.com\/news\/wp-json\/wp\/v2\/posts"}],"about":[{"href":"https:\/\/dr1.com\/news\/wp-json\/wp\/v2\/types\/post"}],"author":[{"embeddable":true,"href":"https:\/\/dr1.com\/news\/wp-json\/wp\/v2\/users\/2"}],"replies":[{"embeddable":true,"href":"https:\/\/dr1.com\/news\/wp-json\/wp\/v2\/comments?post=247058"}],"version-history":[{"count":3,"href":"https:\/\/dr1.com\/news\/wp-json\/wp\/v2\/posts\/247058\/revisions"}],"predecessor-version":[{"id":247087,"href":"https:\/\/dr1.com\/news\/wp-json\/wp\/v2\/posts\/247058\/revisions\/247087"}],"wp:attachment":[{"href":"https:\/\/dr1.com\/news\/wp-json\/wp\/v2\/media?parent=247058"}],"wp:term":[{"taxonomy":"category","embeddable":true,"href":"https:\/\/dr1.com\/news\/wp-json\/wp\/v2\/categories?post=247058"},{"taxonomy":"post_tag","embeddable":true,"href":"https:\/\/dr1.com\/news\/wp-json\/wp\/v2\/tags?post=247058"}],"curies":[{"name":"wp","href":"https:\/\/api.w.org\/{rel}","templated":true}]}}