{"id":247440,"date":"2026-02-11T07:06:13","date_gmt":"2026-02-11T11:06:13","guid":{"rendered":"https:\/\/dr1.com\/news\/?p=247440"},"modified":"2026-02-25T07:34:00","modified_gmt":"2026-02-25T11:34:00","slug":"47th-vuelta-ciclistica-independencia-kicks-off-24-february","status":"publish","type":"post","link":"https:\/\/dr1.com\/news\/2026\/02\/11\/47th-vuelta-ciclistica-independencia-kicks-off-24-february\/","title":{"rendered":"47th Vuelta Ciclistica Independencia kicks off 24 February"},"content":{"rendered":"\n<div class=\"wp-block-image\"><figure class=\"aligncenter size-full\"><img loading=\"lazy\" width=\"600\" height=\"405\" src=\"https:\/\/dr1.com\/news\/wp-content\/uploads\/2026\/02\/XLVII-Vuelta-Ciclista-Internacional-Independencia-Nacional-El-Nuevo-Diario.png\" alt=\"\" class=\"wp-image-247509\" srcset=\"https:\/\/dr1.com\/news\/wp-content\/uploads\/2026\/02\/XLVII-Vuelta-Ciclista-Internacional-Independencia-Nacional-El-Nuevo-Diario.png 600w, https:\/\/dr1.com\/news\/wp-content\/uploads\/2026\/02\/XLVII-Vuelta-Ciclista-Internacional-Independencia-Nacional-El-Nuevo-Diario-300x203.png 300w\" sizes=\"(max-width: 600px) 100vw, 600px\" \/><\/figure><\/div>\n\n\n\n<p>The Dominican Republic is bracing for the high-octane return of its most storied cycling event. The Dominican Cycling Federation (FEDOCI) has officially released the six-stage route for the 47th Vuelta Ciclistica Internacional Independencia Nacional, set to sweep across the country from 24 February to 1 March 2026.<\/p>\n\n\n\n<p>The Vuelta Ciclistica Independencia Nacional is widely considered the crown jewel of Dominican cycling and is a top-tier regional event known for its grueling stage races. The race is the longest and offers the most diverse terrain challenges.<\/p>\n\n\n\n<p>For 2026, the race has regained its UCI 2.2 classification. This is a major distinction; many regional races are &#8220;National Events,&#8221; but a UCI ranking allows professional teams to earn international points, which significantly boosts the quality of the peloton.<\/p>\n\n\n\n<p>What makes the Dominican cycling race stand apart when compared to other biking races in the Caribbean is the diverse climatic and geographic diversity that challenges the competitors. While many Caribbean races are flat coast-to-coast affairs, the Dominican Republic\u2019s mountainous topography offers climbs (like the stage to Rancho Arriba) that are far more punishing than those found in Puerto Rico or The Bahamas.<\/p>\n\n\n\n<p>This year\u2019s edition is more than just a patriotic tradition; it serves as a critical scouting ground for the national pre-selection team ahead of the 2026 Central American and Caribbean Games, which the Dominican Republic will host later this summer.<\/p>\n\n\n\n<p>The route: Six days of grit and glory<br>According to FEDOCI president Jorge Blas D\u00edaz, the course is designed to test every discipline \u2014from lightning-fast sprinters to the &#8220;mountain goats&#8221; of the peloton.<\/p>\n\n\n\n<p>The stages<br>Stage 1, 24 February: Santo Domingo-San Pedro de Macor\u00eds-La Romana (117 km)<\/p>\n\n\n\n<p>Stage 2, 25 February: Santo Domingo-Ban\u00ed, Circunvalaci\u00f3n, Santo Domingo (153 km)<\/p>\n\n\n\n<p>Stage 3, 26 February: Santo Domingo-Rancho Arriba, San Jos\u00e9 de Ocoa (158 km)<\/p>\n\n\n\n<p>Stage 4, 27 Feb 27: Circuito Parque Mirador Sur (140km)<\/p>\n\n\n\n<p>Stage 5, 28 February: Santo Domingo-Circunvalaci\u00f3n Santo Domingo Norte (138 km)<\/p>\n\n\n\n<p>Stage 6, 1 March: Circuito \u00e1rea monumental de Santiago (131 km)<\/p>\n\n\n\n<p>A global peloton<br>The 2026 race is shaping up to be a true international showdown. Federation officials confirmed that 15 international teams are slated to compete, joining the top local talent.<\/p>\n\n\n\n<p>The visitors include strong contingents from Colombia (including the formidable Team Medell\u00edn), Venezuela, Puerto Rico, Canada, and Guadeloupe.<\/p>\n\n\n\n<p>Competing for the Dominican Republic are well known cyclists, including Ismael S\u00e1nchez, William Guzm\u00e1n, and Rafael Germ\u00e1n Mer\u00e1n.<\/p>\n\n\n\n<p>&#8220;The level of competition this year will be exceptionally high,&#8221; stated Jorge Blas D\u00edaz via El Nuevo Diario. &#8220;Our stages are crafted so that sprinters, climbers, and all-rounders alike can showcase their best.&#8221;<\/p>\n\n\n\n<p>The event concludes with a grand finale and awards ceremony on 1 March, crowning the leaders of the Individual General Classification, Mountain, Points, and &#8220;Metas Volantes&#8221; categories.<\/p>\n\n\n\n<p>Read more in Spanish:<br><a href=\"https:\/\/elnuevodiario.com.do\/fedoci-da-a-conocer-las-seis-etapas-de-la-xlvii-vuelta-ciclista-internacional-independencia-nacional\/\">El Nuevo Diario <\/a><\/p>\n\n\n\n<p>11 February 2026<\/p>\n","protected":false},"excerpt":{"rendered":"<p>The Dominican Republic is bracing for the high-octane return of its most storied cycling event. The Dominican Cycling Federation (FEDOCI) has officially released the six-stage route for the 47th Vuelta Ciclistica Internacional Independencia Nacional, set to sweep across the country from 24 February to 1 March 2026. The Vuelta Ciclistica Independencia Nacional is widely considered &hellip; <\/p>\n<p class=\"link-more\"><a href=\"https:\/\/dr1.com\/news\/2026\/02\/11\/47th-vuelta-ciclistica-independencia-kicks-off-24-february\/\" class=\"more-link\">Read more\u2026<\/a><\/p>\n","protected":false},"author":2,"featured_media":0,"comment_status":"closed","ping_status":"closed","sticky":false,"template":"","format":"standard","meta":[],"categories":[340,3],"tags":[],"_links":{"self":[{"href":"https:\/\/dr1.com\/news\/wp-json\/wp\/v2\/posts\/247440"}],"collection":[{"href":"https:\/\/dr1.com\/news\/wp-json\/wp\/v2\/posts"}],"about":[{"href":"https:\/\/dr1.com\/news\/wp-json\/wp\/v2\/types\/post"}],"author":[{"embeddable":true,"href":"https:\/\/dr1.com\/news\/wp-json\/wp\/v2\/users\/2"}],"replies":[{"embeddable":true,"href":"https:\/\/dr1.com\/news\/wp-json\/wp\/v2\/comments?post=247440"}],"version-history":[{"count":3,"href":"https:\/\/dr1.com\/news\/wp-json\/wp\/v2\/posts\/247440\/revisions"}],"predecessor-version":[{"id":247905,"href":"https:\/\/dr1.com\/news\/wp-json\/wp\/v2\/posts\/247440\/revisions\/247905"}],"wp:attachment":[{"href":"https:\/\/dr1.com\/news\/wp-json\/wp\/v2\/media?parent=247440"}],"wp:term":[{"taxonomy":"category","embeddable":true,"href":"https:\/\/dr1.com\/news\/wp-json\/wp\/v2\/categories?post=247440"},{"taxonomy":"post_tag","embeddable":true,"href":"https:\/\/dr1.com\/news\/wp-json\/wp\/v2\/tags?post=247440"}],"curies":[{"name":"wp","href":"https:\/\/api.w.org\/{rel}","templated":true}]}}