{"id":247933,"date":"2026-02-25T08:13:36","date_gmt":"2026-02-25T12:13:36","guid":{"rendered":"https:\/\/dr1.com\/news\/?p=247933"},"modified":"2026-02-25T09:56:34","modified_gmt":"2026-02-25T13:56:34","slug":"president-abinader-rides-the-opened-santo-domingo-metro-line-2c","status":"publish","type":"post","link":"https:\/\/dr1.com\/news\/2026\/02\/25\/president-abinader-rides-the-opened-santo-domingo-metro-line-2c\/","title":{"rendered":"President Abinader rides the opened Santo Domingo Metro Line 2C"},"content":{"rendered":"\n<div class=\"wp-block-image\"><figure class=\"aligncenter size-full\"><img loading=\"lazy\" width=\"600\" height=\"335\" src=\"https:\/\/dr1.com\/news\/wp-content\/uploads\/2026\/02\/Luis-Abinader-inaugura-Linea-2C-Metro-de-SD-Presidencia.png\" alt=\"\" class=\"wp-image-247942\" srcset=\"https:\/\/dr1.com\/news\/wp-content\/uploads\/2026\/02\/Luis-Abinader-inaugura-Linea-2C-Metro-de-SD-Presidencia.png 600w, https:\/\/dr1.com\/news\/wp-content\/uploads\/2026\/02\/Luis-Abinader-inaugura-Linea-2C-Metro-de-SD-Presidencia-300x168.png 300w\" sizes=\"(max-width: 600px) 100vw, 600px\" \/><\/figure><\/div>\n\n\n\n<p>President Luis Abinader led the official opening to the general public of Line 2C of the Santo Domingo Metro, an initiative designed to enhance urban mobility and alleviate congestion on the Duarte Highway. The line spans 7.3 kilometers from the Mar\u00eda Montez station to the Pablo Ad\u00f3n Guzm\u00e1n station at the entrance of Los Alcarrizos, benefiting over one million residents.<\/p>\n\n\n\n<p>Line 2C has five stops, a 6.5-kilometer marginal road parallel to the Duarte Highway, and a 940-meter tunnel. The official press release did not reveal the total cost of the project. <\/p>\n\n\n\n<p>\u201cToday, Los Alcarrizos is definitively connected to the heart of the city,\u201d President Abinader declared. \u201cThis is not just an infrastructure project; it is a concrete response to a real need. It is a clear sign that when the State listens, plans, and perseveres, it can transform the lives of its people.\u201d<\/p>\n\n\n\n<p>Along its route, Line 2C will connect 14 communities in the densely populated areas of Santo Domingo Oeste. The Presidency highlights that the metro connection will reduce commute times on the highly congested Duarte Highway.<\/p>\n\n\n\n<p>\u201cThousands of Dominicans in this area have spent up to an hour and a half per trip to reach their jobs or study centers. With this line, the entire journey between stations can be completed in just 10 minutes, and the total savings during peak hours can reach up to two hours a day,\u201d the head of state added during the inauguration.<\/p>\n\n\n\n<p>Furthermore, it is estimated that users will see a reduction of up to 60% in their transportation expenses. The system has the capacity to transport 15,000 passengers per hour per direction, totaling 150,000 passengers daily.<\/p>\n\n\n\n<p>Jhael Isa, director of the Metro Office (OPRET) indicated that commuters will have access to the Integrated Transport System that connects skylift, metro and select bus rides. The city is now interconnected with a high-technology metro system of the highest quality, reaching the heart of its neighborhoods through integration with the Los Alcarrizos Cable Car. This cable car system, which opened in May 2023, serves as a vital feeder for the new metro line.<\/p>\n\n\n\n<p>Line 2C will have free transit use from 25 February to Easter Week. The special operating hours are as follows:<br>\u2022 Monday to Friday: 6am to 10am and 6pm to 10pm<br>\u2022 Saturdays: 6am to 10am and 12pm to 4pm<br>\u2022 Sundays and Holidays: 10am to 10pm<\/p>\n\n\n\n<p>The five new stations are:<\/p>\n\n\n\n<ol><li>Pedro Mart\u00ednez: Duarte Highway at the corner of Los Beisbolistas Ave. (Manoguayabo).<\/li><li>Franklin Mieses Burgos: Duarte Highway at the corner of Monumental Ave.<\/li><li>27 de Febrero: Located at Kilometer 13 near Prolongaci\u00f3n 27 de Febrero.<\/li><li>Freddy Gat\u00f3n Arce: Located at Kilometer 14 near the pedestrian bridge.<\/li><li>Pablo Ad\u00f3n Guzm\u00e1n: At the entrance of Los Alcarrizos, connecting with the Cable Car.<\/li><\/ol>\n\n\n\n<p>Read more:<br><a href=\"https:\/\/presidencia.gob.do\/noticias\/presidente-abinader-pone-en-marcha-linea-2c-del-metro-de-santo-domingo\">Presidency <\/a><br><a href=\"https:\/\/www.diariolibre.com\/actualidad\/nacional\/2025\/10\/05\/decenas-de-adendas-y-retrasos-multiplican-costo-de-linea-2c-del-metro\/3268122\">Diario Libre <\/a><br><a href=\"https:\/\/eldia.com.do\/los-alcarrizos-se-integra-al-metro-luis-abinader-pone-en-marcha-la-linea-2c\/\">El Dia <\/a><br><a href=\"https:\/\/eldia.com.do\/reactivaran-teleferico-de-los-alcarrizos-tras-suspension-por-inauguracion-de-la-linea-2c-del-metro\/\">El Dia <\/a><br><a href=\"https:\/\/eldia.com.do\/linea-2c-del-metro-conectara-los-alcarrizos-con-el-centro-y-reducira-hasta-60-el-gasto-en-transporte\/\">El Dia <\/a><br><a href=\"https:\/\/cdn.com.do\/nacionales\/abinader-inaugura-linea-2c-del-metro-hacia-los-alcarrizos\/\">CDN <\/a><br><a href=\"https:\/\/eldia.com.do\/los-alcarrizos-se-integra-al-metro-luis-abinader-pone-en-marcha-la-linea-2c\/\">El Dia <\/a><br><a href=\"https:\/\/www.elcaribe.com.do\/panorama\/pais\/abinader-inaugura-linea-2c-del-metro-tras-anos-de-espera\/\">El Caribe <\/a><br><a href=\"https:\/\/dr1.com\/news\/2026\/02\/24\/presidency-confirms-official-opening-of-the-metro-2c-line-to-los-alcarrizos\/\">DR1 News <\/a><\/p>\n\n\n\n<p>25 February 2026<\/p>\n","protected":false},"excerpt":{"rendered":"<p>President Luis Abinader led the official opening to the general public of Line 2C of the Santo Domingo Metro, an initiative designed to enhance urban mobility and alleviate congestion on the Duarte Highway. The line spans 7.3 kilometers from the Mar\u00eda Montez station to the Pablo Ad\u00f3n Guzm\u00e1n station at the entrance of Los Alcarrizos, &hellip; <\/p>\n<p class=\"link-more\"><a href=\"https:\/\/dr1.com\/news\/2026\/02\/25\/president-abinader-rides-the-opened-santo-domingo-metro-line-2c\/\" class=\"more-link\">Read more\u2026<\/a><\/p>\n","protected":false},"author":2,"featured_media":0,"comment_status":"closed","ping_status":"closed","sticky":false,"template":"","format":"standard","meta":[],"categories":[340,3],"tags":[],"_links":{"self":[{"href":"https:\/\/dr1.com\/news\/wp-json\/wp\/v2\/posts\/247933"}],"collection":[{"href":"https:\/\/dr1.com\/news\/wp-json\/wp\/v2\/posts"}],"about":[{"href":"https:\/\/dr1.com\/news\/wp-json\/wp\/v2\/types\/post"}],"author":[{"embeddable":true,"href":"https:\/\/dr1.com\/news\/wp-json\/wp\/v2\/users\/2"}],"replies":[{"embeddable":true,"href":"https:\/\/dr1.com\/news\/wp-json\/wp\/v2\/comments?post=247933"}],"version-history":[{"count":6,"href":"https:\/\/dr1.com\/news\/wp-json\/wp\/v2\/posts\/247933\/revisions"}],"predecessor-version":[{"id":247943,"href":"https:\/\/dr1.com\/news\/wp-json\/wp\/v2\/posts\/247933\/revisions\/247943"}],"wp:attachment":[{"href":"https:\/\/dr1.com\/news\/wp-json\/wp\/v2\/media?parent=247933"}],"wp:term":[{"taxonomy":"category","embeddable":true,"href":"https:\/\/dr1.com\/news\/wp-json\/wp\/v2\/categories?post=247933"},{"taxonomy":"post_tag","embeddable":true,"href":"https:\/\/dr1.com\/news\/wp-json\/wp\/v2\/tags?post=247933"}],"curies":[{"name":"wp","href":"https:\/\/api.w.org\/{rel}","templated":true}]}}