{"id":248136,"date":"2026-03-03T06:55:12","date_gmt":"2026-03-03T10:55:12","guid":{"rendered":"https:\/\/dr1.com\/news\/?p=248136"},"modified":"2026-03-03T10:05:15","modified_gmt":"2026-03-03T14:05:15","slug":"president-abinader-inaugurates-hotel-school-at-melia-hotel-complex-in-punta-cana","status":"publish","type":"post","link":"https:\/\/dr1.com\/news\/2026\/03\/03\/president-abinader-inaugurates-hotel-school-at-melia-hotel-complex-in-punta-cana\/","title":{"rendered":"President Abinader inaugurates &#8220;hotel-school&#8221; at Meli\u00e1 hotel complex in Punta Cana"},"content":{"rendered":"\n<div class=\"wp-block-image\"><figure class=\"aligncenter size-full\"><img loading=\"lazy\" width=\"600\" height=\"400\" src=\"https:\/\/dr1.com\/news\/wp-content\/uploads\/2026\/03\/Escuela-Hosteleria-y-Turismo-Gabriel-Escarrer-Julia\u0301-Listin-Diario.png\" alt=\"\" class=\"wp-image-248193\" srcset=\"https:\/\/dr1.com\/news\/wp-content\/uploads\/2026\/03\/Escuela-Hosteleria-y-Turismo-Gabriel-Escarrer-Julia\u0301-Listin-Diario.png 600w, https:\/\/dr1.com\/news\/wp-content\/uploads\/2026\/03\/Escuela-Hosteleria-y-Turismo-Gabriel-Escarrer-Julia\u0301-Listin-Diario-300x200.png 300w\" sizes=\"(max-width: 600px) 100vw, 600px\" \/><\/figure><\/div>\n\n\n\n<p>President Luis Abinader officially inaugurated the Gabriel Escarrer Juli\u00e1 Hospitality and Tourism School on Monday, 2 March 2026, marking a significant milestone in the country&#8217;s public-private educational partnerships.<\/p>\n\n\n\n<p>The new training center is located within the Meli\u00e1 Caribe Beach Resort and Meli\u00e1 Punta Cana Beach complex in the Ver\u00f3n-Punta Cana municipal district. Operating under a &#8220;hotel-school&#8221; model, the facility was established through a strategic agreement between the National Institute of Vocational and Technical Training (Infotep), the country\u2019s government-operated vocational training entity, and Meli\u00e1 Hotels International.<\/p>\n\n\n\n<p>During the ceremony, which coincided with the 91st anniversary of the birth of Meli\u00e1 founder Gabriel Escarrer Juli\u00e1, President Abinader emphasized that the success of Dominican tourism rests on the quality of its human capital. &#8220;Tourism is sustained by prepared human capital,&#8221; the President stated, noting that the school will professionalize services in the country\u2019s most vital economic sector.<\/p>\n\n\n\n<p>Meli\u00e1 Hotels provided the land, physical facilities, and specialized equipment, while Infotep, manages the academic curriculum and teaching staff. The school features 11 technical classrooms and is equipped to train up to 800 students annually. The programs include culinary arts, mixology, hotel reception, housekeeping, maintenance, English language, and information technology.<\/p>\n\n\n\n<p>During the inauguration, Gabriel Escarrer Jaume, CEO of Meli\u00e1 Hotels International, praised the Dominican Republic as a global reference for public-private collaboration, stating there was &#8220;no better place&#8221; to honor his father\u2019s legacy.<\/p>\n\n\n\n<p>Melia Hotels was one of only the third European companies to open in the Punta Cana area, after Club Med and Barcelo Bavaro.<\/p>\n\n\n\n<p>Read m ore in Spanish:<br><a href=\"https:\/\/presidencia.gob.do\/noticias\/ceo-de-melia-hotels-international-afirma-que-abinader-es-el-presidente-que-mejor\">Presidency <\/a><br><a href=\"https:\/\/listindiario.com\/la-republica\/gobierno\/20260303\/abinader-inaugura-primera-escuela-turismo-hosteleria-pais_896192.html\">Listin Diario <\/a><\/p>\n\n\n\n<p>3 March 2026<\/p>\n","protected":false},"excerpt":{"rendered":"<p>President Luis Abinader officially inaugurated the Gabriel Escarrer Juli\u00e1 Hospitality and Tourism School on Monday, 2 March 2026, marking a significant milestone in the country&#8217;s public-private educational partnerships. The new training center is located within the Meli\u00e1 Caribe Beach Resort and Meli\u00e1 Punta Cana Beach complex in the Ver\u00f3n-Punta Cana municipal district. Operating under a &hellip; <\/p>\n<p class=\"link-more\"><a href=\"https:\/\/dr1.com\/news\/2026\/03\/03\/president-abinader-inaugurates-hotel-school-at-melia-hotel-complex-in-punta-cana\/\" class=\"more-link\">Read more\u2026<\/a><\/p>\n","protected":false},"author":2,"featured_media":0,"comment_status":"closed","ping_status":"closed","sticky":false,"template":"","format":"standard","meta":[],"categories":[341,15],"tags":[],"_links":{"self":[{"href":"https:\/\/dr1.com\/news\/wp-json\/wp\/v2\/posts\/248136"}],"collection":[{"href":"https:\/\/dr1.com\/news\/wp-json\/wp\/v2\/posts"}],"about":[{"href":"https:\/\/dr1.com\/news\/wp-json\/wp\/v2\/types\/post"}],"author":[{"embeddable":true,"href":"https:\/\/dr1.com\/news\/wp-json\/wp\/v2\/users\/2"}],"replies":[{"embeddable":true,"href":"https:\/\/dr1.com\/news\/wp-json\/wp\/v2\/comments?post=248136"}],"version-history":[{"count":6,"href":"https:\/\/dr1.com\/news\/wp-json\/wp\/v2\/posts\/248136\/revisions"}],"predecessor-version":[{"id":248194,"href":"https:\/\/dr1.com\/news\/wp-json\/wp\/v2\/posts\/248136\/revisions\/248194"}],"wp:attachment":[{"href":"https:\/\/dr1.com\/news\/wp-json\/wp\/v2\/media?parent=248136"}],"wp:term":[{"taxonomy":"category","embeddable":true,"href":"https:\/\/dr1.com\/news\/wp-json\/wp\/v2\/categories?post=248136"},{"taxonomy":"post_tag","embeddable":true,"href":"https:\/\/dr1.com\/news\/wp-json\/wp\/v2\/tags?post=248136"}],"curies":[{"name":"wp","href":"https:\/\/api.w.org\/{rel}","templated":true}]}}