{"id":248397,"date":"2026-03-10T09:39:21","date_gmt":"2026-03-10T13:39:21","guid":{"rendered":"https:\/\/dr1.com\/news\/?p=248397"},"modified":"2026-03-10T11:56:33","modified_gmt":"2026-03-10T15:56:33","slug":"new-higher-education-minister-wants-an-education-overhaul","status":"publish","type":"post","link":"https:\/\/dr1.com\/news\/2026\/03\/10\/new-higher-education-minister-wants-an-education-overhaul\/","title":{"rendered":"New Higher Education Minister wants an education overhaul"},"content":{"rendered":"\n<div class=\"wp-block-image\"><figure class=\"aligncenter size-full\"><img loading=\"lazy\" width=\"600\" height=\"424\" src=\"https:\/\/dr1.com\/news\/wp-content\/uploads\/2026\/03\/Rafael-Santos-El-Dia.png\" alt=\"\" class=\"wp-image-248458\" srcset=\"https:\/\/dr1.com\/news\/wp-content\/uploads\/2026\/03\/Rafael-Santos-El-Dia.png 600w, https:\/\/dr1.com\/news\/wp-content\/uploads\/2026\/03\/Rafael-Santos-El-Dia-300x212.png 300w\" sizes=\"(max-width: 600px) 100vw, 600px\" \/><figcaption>Minister Rafael Santos Bad\u00eda \/ El D\u00eda<\/figcaption><\/figure><\/div>\n\n\n\n<p>The newly appointed Minister of Higher Education, Science, and Technology (MESCYT), Rafael Santos Bad\u00eda, has announced a significant pivot in the government\u2019s plan to reform the educational sector. Instead of proceeding with the immediate merger of MESCYT and the Ministry of Education (MINERD), the Minister will request the National Congress to return the current proposal to allow for a broader &#8220;consensus table.&#8221; He plans to meet with former presidents (Leonel Fern\u00e1ndez, Hip\u00f3lito Mej\u00eda, and Danilo Medina) and business leaders (CONEP) to ensure the reform is a shared national vision.<\/p>\n\n\n\n<p>He made the statements during an interview with TV program D\u2019Agenda. Santos Badia had been director of the Infotep vocational school system of the government before his promotion.<\/p>\n\n\n\n<p>The goal, according to Santos Bad\u00eda, is to ensure the reform aligns with President Luis Abinader\u2019s vision of a complete structural transformation rather than a simple administrative consolidation.<\/p>\n\n\n\n<p>A new &#8220;Education Code&#8221; through consensus<br>The Minister outlined a multi-step process to redesign the Dominican educational system, emphasizing that he was appointed to &#8220;create, not destroy.&#8221; The proposed roadmap includes:<\/p>\n\n\n\n<ol><li>Drafting a preliminary bill: Creating a robust initial document capable of undergoing significant modifications.<\/li><li>Two-month public consultation: Opening platforms for citizens and stakeholders to contribute ideas, ensuring the process is not a &#8220;farce.&#8221;<\/li><li>Expert review: Legal and educational experts will refine the bill based on public input.<\/li><li>Final presentation: The revised draft will be shown to the consulted sectors before being sent to Congress via the Executive Branch as a new General Law of Education (effectively an &#8220;Education Code&#8221;).<\/li><\/ol>\n\n\n\n<p>Structural changes proposed<br>While the immediate merger is on hold, Santos Bad\u00eda admitted that the eventual law might still restructure MESCYT. He suggested that Higher Education could transition into one or more specialized vice-ministries within a unified system.<\/p>\n\n\n\n<p>He envisions a logical &#8220;government of education&#8221; categorized by planning and pedagogical services, quality control, student services and science and higher education.<\/p>\n\n\n\n<p>&#8220;This logic is called the philosophy of education,&#8221; Santos Bad\u00eda explained. &#8220;We must define how education and science will function in the era of the Fifth Industrial Revolution, establishing the relationship between humans, Artificial Intelligence, and robotics.&#8221;<\/p>\n\n\n\n<p>The 4% funding debate<br>The Minister firmly rejected claims that the merger was a strategy to seize the 4% of GDP allocated to pre-university education to fund higher education. He argued that the focus should be on results rather than just the percentage of the budget. &#8220;The 4% can be a lot of resources for poor quality education,&#8221; the Minister stated, &#8220;but even 6% of GDP could be too little for an integrated educational system that delivers excellent results.&#8221;<\/p>\n\n\n\n<p>Follow the story:<br><a href=\"https:\/\/www.youtube.com\/watch?v=U_CYjstjjtA\">D\u2019Agenda <\/a><br><a href=\"https:\/\/eldia.com.do\/ministro-del-mescyt-solicitara-retirar-proyecto-de-fusion-del-congreso-para-crear-un-codigo-de-educacion-por-consenso\/\">El Dia <\/a><\/p>\n\n\n\n<p>10 March 2026<\/p>\n","protected":false},"excerpt":{"rendered":"<p>The newly appointed Minister of Higher Education, Science, and Technology (MESCYT), Rafael Santos Bad\u00eda, has announced a significant pivot in the government\u2019s plan to reform the educational sector. Instead of proceeding with the immediate merger of MESCYT and the Ministry of Education (MINERD), the Minister will request the National Congress to return the current proposal &hellip; <\/p>\n<p class=\"link-more\"><a href=\"https:\/\/dr1.com\/news\/2026\/03\/10\/new-higher-education-minister-wants-an-education-overhaul\/\" class=\"more-link\">Read more\u2026<\/a><\/p>\n","protected":false},"author":2,"featured_media":0,"comment_status":"closed","ping_status":"closed","sticky":false,"template":"","format":"standard","meta":[],"categories":[340,3],"tags":[],"_links":{"self":[{"href":"https:\/\/dr1.com\/news\/wp-json\/wp\/v2\/posts\/248397"}],"collection":[{"href":"https:\/\/dr1.com\/news\/wp-json\/wp\/v2\/posts"}],"about":[{"href":"https:\/\/dr1.com\/news\/wp-json\/wp\/v2\/types\/post"}],"author":[{"embeddable":true,"href":"https:\/\/dr1.com\/news\/wp-json\/wp\/v2\/users\/2"}],"replies":[{"embeddable":true,"href":"https:\/\/dr1.com\/news\/wp-json\/wp\/v2\/comments?post=248397"}],"version-history":[{"count":3,"href":"https:\/\/dr1.com\/news\/wp-json\/wp\/v2\/posts\/248397\/revisions"}],"predecessor-version":[{"id":248460,"href":"https:\/\/dr1.com\/news\/wp-json\/wp\/v2\/posts\/248397\/revisions\/248460"}],"wp:attachment":[{"href":"https:\/\/dr1.com\/news\/wp-json\/wp\/v2\/media?parent=248397"}],"wp:term":[{"taxonomy":"category","embeddable":true,"href":"https:\/\/dr1.com\/news\/wp-json\/wp\/v2\/categories?post=248397"},{"taxonomy":"post_tag","embeddable":true,"href":"https:\/\/dr1.com\/news\/wp-json\/wp\/v2\/tags?post=248397"}],"curies":[{"name":"wp","href":"https:\/\/api.w.org\/{rel}","templated":true}]}}