{"id":249540,"date":"2026-04-07T06:37:21","date_gmt":"2026-04-07T10:37:21","guid":{"rendered":"https:\/\/dr1.com\/news\/?p=249540"},"modified":"2026-04-07T15:58:40","modified_gmt":"2026-04-07T19:58:40","slug":"president-abinader-inaugurates-4-lane-entrance-to-samana","status":"publish","type":"post","link":"https:\/\/dr1.com\/news\/2026\/04\/07\/president-abinader-inaugurates-4-lane-entrance-to-samana\/","title":{"rendered":"President Abinader inaugurates 4-lane entrance to Saman\u00e1"},"content":{"rendered":"\n<div class=\"wp-block-image is-style-default\"><figure class=\"aligncenter size-full\"><img loading=\"lazy\" width=\"600\" height=\"335\" src=\"https:\/\/dr1.com\/news\/wp-content\/uploads\/2026\/04\/Ampliacio\u0301n-carretera-entrada-Samana-MOPC.jpg\" alt=\"\" class=\"wp-image-249649\" srcset=\"https:\/\/dr1.com\/news\/wp-content\/uploads\/2026\/04\/Ampliacio\u0301n-carretera-entrada-Samana-MOPC.jpg 600w, https:\/\/dr1.com\/news\/wp-content\/uploads\/2026\/04\/Ampliacio\u0301n-carretera-entrada-Samana-MOPC-300x168.jpg 300w\" sizes=\"(max-width: 600px) 100vw, 600px\" \/><\/figure><\/div>\n\n\n\n<p>On 31 March 2026, President Luis Abinader officially inaugurated the long-awaited expansion and reconstruction of the main entrance to Saman\u00e1. The 1.2-kilometer project, timed to welcome visitors at the start of the Holy Week (Semana Santa) holiday, upgrades the gateway to the province to four lanes, aiming to reorganize traffic flow, enhance road safety, and bolster the region\u2019s growing tourism and productive sectors.<\/p>\n\n\n\n<p>The RD$1.2 billion intervention involved a total reconstruction of the road\u2019s structure. To accommodate heavy-duty traffic and the province\u2019s specific geological challenges, engineers used stabilized base and sub-base layers and installed a specialized integrated drainage system. <\/p>\n\n\n\n<p>Given the high presence of groundwater in the area, the drainage system included:<br>\u2022 Standard gutters and culverts.<br>\u2022 Advanced storm drainage and sub-drains to prevent waterlogging.<br>\u2022 Slope stabilization using gabion walls to prevent landslides.<br>\u2022 The replacement of old aqueduct mains with imported ductile iron pipes for increased durability and service reliability.<\/p>\n\n\n\n<p>Minister of Public Works Eduardo Estrella emphasized that the technical specifications were designed for longevity. &#8220;This area has significant underground water,&#8221; Estrella noted. &#8220;The drainage is already functioning to ensure water flows through the gutters rather than seeping into the roadbed. This is a project built to last for many years.&#8221;<\/p>\n\n\n\n<p>Strategic economic impact<br>President Abinader framed the infrastructure as part of a broader provincial strategy. &#8220;Economic development is built with infrastructure, institutionalism, the granting of land titles, and job creation,&#8221; the President stated. &#8220;Saman\u00e1 is advancing on that path with new investments and improved quality of life for its people.&#8221;<\/p>\n\n\n\n<p>The project impacts more than 110,000 residents and visitors directly. Notably, the expansion required the relocation of 141 families. Authorities said the process was handled through continuous dialogue and fair compensation to prioritize the dignity of the impacted households.<\/p>\n\n\n\n<p>Joining the President and the Minister of Public Works for the inauguration were Minister of the Presidency Jos\u00e9 Ignacio Paliza, Saman\u00e1 Senator Pedro Catrain, Samana provincial governor Teodora Mullix, Samana City Mayor Nelson Nu\u00f1ez and former president of the Constitutional Court Milton Ray Guevara, who is a native of Samana.<\/p>\n\n\n\n<p>Read more in Spanish:<br><a href=\"https:\/\/www.mopc.gob.do\/noticias\/saman%C3%A1-estrena-una-entrada-que-abre-oportunidades-y-transforma-su-futuro\">Ministry of Public Works <\/a><\/p>\n\n\n\n<p>7 April 2026<\/p>\n","protected":false},"excerpt":{"rendered":"<p>On 31 March 2026, President Luis Abinader officially inaugurated the long-awaited expansion and reconstruction of the main entrance to Saman\u00e1. The 1.2-kilometer project, timed to welcome visitors at the start of the Holy Week (Semana Santa) holiday, upgrades the gateway to the province to four lanes, aiming to reorganize traffic flow, enhance road safety, and &hellip; <\/p>\n<p class=\"link-more\"><a href=\"https:\/\/dr1.com\/news\/2026\/04\/07\/president-abinader-inaugurates-4-lane-entrance-to-samana\/\" class=\"more-link\">Read more\u2026<\/a><\/p>\n","protected":false},"author":2,"featured_media":0,"comment_status":"closed","ping_status":"closed","sticky":false,"template":"","format":"standard","meta":[],"categories":[341,15],"tags":[],"_links":{"self":[{"href":"https:\/\/dr1.com\/news\/wp-json\/wp\/v2\/posts\/249540"}],"collection":[{"href":"https:\/\/dr1.com\/news\/wp-json\/wp\/v2\/posts"}],"about":[{"href":"https:\/\/dr1.com\/news\/wp-json\/wp\/v2\/types\/post"}],"author":[{"embeddable":true,"href":"https:\/\/dr1.com\/news\/wp-json\/wp\/v2\/users\/2"}],"replies":[{"embeddable":true,"href":"https:\/\/dr1.com\/news\/wp-json\/wp\/v2\/comments?post=249540"}],"version-history":[{"count":4,"href":"https:\/\/dr1.com\/news\/wp-json\/wp\/v2\/posts\/249540\/revisions"}],"predecessor-version":[{"id":249651,"href":"https:\/\/dr1.com\/news\/wp-json\/wp\/v2\/posts\/249540\/revisions\/249651"}],"wp:attachment":[{"href":"https:\/\/dr1.com\/news\/wp-json\/wp\/v2\/media?parent=249540"}],"wp:term":[{"taxonomy":"category","embeddable":true,"href":"https:\/\/dr1.com\/news\/wp-json\/wp\/v2\/categories?post=249540"},{"taxonomy":"post_tag","embeddable":true,"href":"https:\/\/dr1.com\/news\/wp-json\/wp\/v2\/tags?post=249540"}],"curies":[{"name":"wp","href":"https:\/\/api.w.org\/{rel}","templated":true}]}}